{"id":213055,"date":"2023-04-26T20:46:16","date_gmt":"2023-04-26T23:46:16","guid":{"rendered":"https:\/\/diarioregionaldigital.com.br\/?p=213055"},"modified":"2023-04-26T20:46:16","modified_gmt":"2023-04-26T23:46:16","slug":"construcao-civil-tem-inflacao-de-023-em-abril","status":"publish","type":"post","link":"https:\/\/diarioregionaldigital.com.br\/?p=213055","title":{"rendered":"Constru\u00e7\u00e3o civil tem infla\u00e7\u00e3o de 0,23% em abril"},"content":{"rendered":"<p>O\u00a0\u00cdndice Nacional de Custo da Constru\u00e7\u00e3o-M (INCC-M), calculado pela Funda\u00e7\u00e3o Getulio Vargas (FGV), registrou infla\u00e7\u00e3o de 0,23% em abril deste ano. A taxa \u00e9 maior que a de mar\u00e7o (0,18%), mas menor que a de abril de 2022 (0,87%).<\/p>\n<p>Com o resultado, o INCC-M acumula infla\u00e7\u00e3o de 0,93% no ano e de 7,48% em 12 meses.<\/p>\n<p>Os materiais e equipamentos tiveram infla\u00e7\u00e3o de 0,14% em abril, ante uma defla\u00e7\u00e3o (queda de pre\u00e7os) de 0,07% em mar\u00e7o. J\u00e1 a m\u00e3o de obra teve infla\u00e7\u00e3o de 0,23% no m\u00eas, taxa abaixo do \u00edndice de 0,27% de mar\u00e7o.<\/p>\n<p><span style=\"font-weight: 400;\">Fonte: Ag\u00eancia Brasil <\/span><\/p>\n","protected":false},"excerpt":{"rendered":"<p>O\u00a0\u00cdndice Nacional de Custo da Constru\u00e7\u00e3o-M (INCC-M), calculado pela Funda\u00e7\u00e3o Getulio Vargas (FGV), registrou infla\u00e7\u00e3o de 0,23% em abril deste ano. A taxa \u00e9 maior que a de mar\u00e7o (0,18%), mas menor que a de abril de 2022 (0,87%). Com o resultado, o INCC-M acumula infla\u00e7\u00e3o de 0,93% no ano e de 7,48% em 12 [&hellip;]<\/p>\n","protected":false},"author":246,"featured_media":213056,"comment_status":"closed","ping_status":"closed","sticky":false,"template":"","format":"standard","meta":{"footnotes":""},"categories":[436,261,439],"tags":[],"class_list":["post-213055","post","type-post","status-publish","format-standard","has-post-thumbnail","hentry","category-destaque-da-semana","category-economia","category-ultima-hora"],"_links":{"self":[{"href":"https:\/\/diarioregionaldigital.com.br\/index.php?rest_route=\/wp\/v2\/posts\/213055","targetHints":{"allow":["GET"]}}],"collection":[{"href":"https:\/\/diarioregionaldigital.com.br\/index.php?rest_route=\/wp\/v2\/posts"}],"about":[{"href":"https:\/\/diarioregionaldigital.com.br\/index.php?rest_route=\/wp\/v2\/types\/post"}],"author":[{"embeddable":true,"href":"https:\/\/diarioregionaldigital.com.br\/index.php?rest_route=\/wp\/v2\/users\/246"}],"replies":[{"embeddable":true,"href":"https:\/\/diarioregionaldigital.com.br\/index.php?rest_route=%2Fwp%2Fv2%2Fcomments&post=213055"}],"version-history":[{"count":1,"href":"https:\/\/diarioregionaldigital.com.br\/index.php?rest_route=\/wp\/v2\/posts\/213055\/revisions"}],"predecessor-version":[{"id":213057,"href":"https:\/\/diarioregionaldigital.com.br\/index.php?rest_route=\/wp\/v2\/posts\/213055\/revisions\/213057"}],"wp:featuredmedia":[{"embeddable":true,"href":"https:\/\/diarioregionaldigital.com.br\/index.php?rest_route=\/wp\/v2\/media\/213056"}],"wp:attachment":[{"href":"https:\/\/diarioregionaldigital.com.br\/index.php?rest_route=%2Fwp%2Fv2%2Fmedia&parent=213055"}],"wp:term":[{"taxonomy":"category","embeddable":true,"href":"https:\/\/diarioregionaldigital.com.br\/index.php?rest_route=%2Fwp%2Fv2%2Fcategories&post=213055"},{"taxonomy":"post_tag","embeddable":true,"href":"https:\/\/diarioregionaldigital.com.br\/index.php?rest_route=%2Fwp%2Fv2%2Ftags&post=213055"}],"curies":[{"name":"wp","href":"https:\/\/api.w.org\/{rel}","templated":true}]}}