{"id":213022,"date":"2023-04-25T20:19:16","date_gmt":"2023-04-25T23:19:16","guid":{"rendered":"https:\/\/diarioregionaldigital.com.br\/?p=213022"},"modified":"2023-04-25T20:19:16","modified_gmt":"2023-04-25T23:19:16","slug":"cpb-promove-curso-online-gratuito-de-iniciacao-a-bocha-inscricoes-vao-ate-1o-de-maio","status":"publish","type":"post","link":"https:\/\/diarioregionaldigital.com.br\/?p=213022","title":{"rendered":"CPB promove curso online gratuito de inicia\u00e7\u00e3o \u00e0 bocha; inscri\u00e7\u00f5es v\u00e3o at\u00e9 1\u00ba de maio"},"content":{"rendered":"<p>O Comit\u00ea Paral\u00edmpico Brasileiro (CPB), por meio da sua \u00e1rea de Educa\u00e7\u00e3o Paral\u00edmpica, est\u00e1 com inscri\u00e7\u00f5es abertas para o curso online de inicia\u00e7\u00e3o \u00e0 bocha CEUs Instituto Baccarelli, que ser\u00e1 realizado de 2 a 5 de maio.<\/p>\n<p>As matr\u00edculas s\u00e3o gratuitas e poder\u00e3o ser realizadas pelo site da\u00a0<u><\/u><a href=\"https:\/\/www.educacaoparalimpica.org.br\/\"><u><strong>Educa\u00e7\u00e3o Paral\u00edmpica<\/strong><\/u><\/a>\u00a0at\u00e9 o dia 1\u00ba de maio. Ser\u00e3o disponibilizadas 300 vagas, com os participantes divididos em duas turmas de 150 pessoas.<\/p>\n<p>O pr\u00e9-requisito para participar \u00e9 ter conclu\u00eddo o curso\u00a0<u><\/u><a href=\"https:\/\/www.educacaoparalimpica.org.br\/login\/index.php\"><u><strong>Movimento Paral\u00edmpico: Fundamentos B\u00e1sicos do Esporte<\/strong><\/u><\/a>, tamb\u00e9m dispon\u00edvel gratuitamente no site da Educa\u00e7\u00e3o Paral\u00edmpica.<\/p>\n<p>O p\u00fablico-alvo do programa s\u00e3o profissionais dos CEUS Instituto Baccarelli e demais interessados. O curso ter\u00e1 carga hor\u00e1ria de oito horas.<\/p>\n<p>As aulas de ambas as turmas ser\u00e3o ministradas pelo professor Alex Lautherbach. A turma 1 ter\u00e1 as aulas das 9h \u00e0s 11h, e a turma 2, das 19h \u00e0s 21h.<\/p>\n<p>Para mais informa\u00e7\u00f5es ou d\u00favidas sobre novos cursos, os interessados podem enviar um e-mail para\u00a0<strong>educ.paralimpica@cpb.org.br<\/strong>.<\/p>\n<p><strong>Servi\u00e7o<br \/>\nCurso online de inicia\u00e7\u00e3o \u00e0 bocha CEUs Instituto Baccarelli, DRE de S\u00e3o Miguel Paulista<\/strong><br \/>\n<strong>Data e hor\u00e1rio:<\/strong>\u00a0de 2 a 5 de maio, das 9h \u00e0s 11h (Turma 1) e das 19h \u00e0s 21h (Turma 2)<br \/>\n<strong>Inscri\u00e7\u00f5es:<\/strong>\u00a0At\u00e9 o dia 1\u00ba de maio, pelo endere\u00e7o www.educacaoparalimpica.org.br<\/p>\n<p><span style=\"font-weight: 400;\">Fonte:\u00a0 CPB<\/span><\/p>\n","protected":false},"excerpt":{"rendered":"<p>O Comit\u00ea Paral\u00edmpico Brasileiro (CPB), por meio da sua \u00e1rea de Educa\u00e7\u00e3o Paral\u00edmpica, est\u00e1 com inscri\u00e7\u00f5es abertas para o curso online de inicia\u00e7\u00e3o \u00e0 bocha CEUs Instituto Baccarelli, que ser\u00e1 realizado de 2 a 5 de maio. As matr\u00edculas s\u00e3o gratuitas e poder\u00e3o ser realizadas pelo site da\u00a0Educa\u00e7\u00e3o Paral\u00edmpica\u00a0at\u00e9 o dia 1\u00ba de maio. Ser\u00e3o [&hellip;]<\/p>\n","protected":false},"author":246,"featured_media":213023,"comment_status":"closed","ping_status":"closed","sticky":false,"template":"","format":"standard","meta":{"footnotes":""},"categories":[436,257,439],"tags":[],"class_list":["post-213022","post","type-post","status-publish","format-standard","has-post-thumbnail","hentry","category-destaque-da-semana","category-esporte","category-ultima-hora"],"_links":{"self":[{"href":"https:\/\/diarioregionaldigital.com.br\/index.php?rest_route=\/wp\/v2\/posts\/213022","targetHints":{"allow":["GET"]}}],"collection":[{"href":"https:\/\/diarioregionaldigital.com.br\/index.php?rest_route=\/wp\/v2\/posts"}],"about":[{"href":"https:\/\/diarioregionaldigital.com.br\/index.php?rest_route=\/wp\/v2\/types\/post"}],"author":[{"embeddable":true,"href":"https:\/\/diarioregionaldigital.com.br\/index.php?rest_route=\/wp\/v2\/users\/246"}],"replies":[{"embeddable":true,"href":"https:\/\/diarioregionaldigital.com.br\/index.php?rest_route=%2Fwp%2Fv2%2Fcomments&post=213022"}],"version-history":[{"count":1,"href":"https:\/\/diarioregionaldigital.com.br\/index.php?rest_route=\/wp\/v2\/posts\/213022\/revisions"}],"predecessor-version":[{"id":213024,"href":"https:\/\/diarioregionaldigital.com.br\/index.php?rest_route=\/wp\/v2\/posts\/213022\/revisions\/213024"}],"wp:featuredmedia":[{"embeddable":true,"href":"https:\/\/diarioregionaldigital.com.br\/index.php?rest_route=\/wp\/v2\/media\/213023"}],"wp:attachment":[{"href":"https:\/\/diarioregionaldigital.com.br\/index.php?rest_route=%2Fwp%2Fv2%2Fmedia&parent=213022"}],"wp:term":[{"taxonomy":"category","embeddable":true,"href":"https:\/\/diarioregionaldigital.com.br\/index.php?rest_route=%2Fwp%2Fv2%2Fcategories&post=213022"},{"taxonomy":"post_tag","embeddable":true,"href":"https:\/\/diarioregionaldigital.com.br\/index.php?rest_route=%2Fwp%2Fv2%2Ftags&post=213022"}],"curies":[{"name":"wp","href":"https:\/\/api.w.org\/{rel}","templated":true}]}}