{"id":212749,"date":"2023-04-17T22:40:20","date_gmt":"2023-04-18T01:40:20","guid":{"rendered":"https:\/\/diarioregionaldigital.com.br\/?p=212749"},"modified":"2023-04-17T22:40:20","modified_gmt":"2023-04-18T01:40:20","slug":"cerca-de-12-pets-ganham-novo-lar-atraves-do-evento-de-adocao-promovido-pela-pjf","status":"publish","type":"post","link":"https:\/\/diarioregionaldigital.com.br\/?p=212749","title":{"rendered":"Cerca de 12 pets ganham novo lar atrav\u00e9s do evento de ado\u00e7\u00e3o promovido pela PJF"},"content":{"rendered":"<p>Segundo informa\u00e7\u00f5es do site da Prefeitura de Juiz de Fora (PJF), o\u00a0Canil Municipal da Prefeitura de Juiz de Fora (PJF) promoveu mais um evento de ado\u00e7\u00e3o respons\u00e1vel no Parque Halfeld. No \u00faltimo s\u00e1bado, 15, mais 12 pets ganharam um novo lar, sendo cinco gatos filhotes, cinco c\u00e3es filhotes e dois c\u00e3es adultos. Al\u00e9m disso, a popula\u00e7\u00e3o p\u00f4de atualizar a vacina\u00e7\u00e3o antirr\u00e1bica dos seus pets. No total, 89 animais receberam o imunizante contra a raiva.<br \/>\n<strong>&#8220;Me Adota A\u00ed!&#8221;<\/strong><br \/>\nA campanha \u201cMe Adota A\u00ed!\u201d foi lan\u00e7ada pela atual gest\u00e3o municipal com o objetivo de garantir um lar para os animais que est\u00e3o no Canil Municipal. Os interessados em adotar um amigo podem visitar o Canil das 9h \u00e0s 10h30 e das 13h \u00e0s 15h30, de segunda a sexta ou mediante agendamento, para outros dias, pelo telefone (32) 3225-9933. O endere\u00e7o \u00e9 Rua Bartolomeu dos Santos 680, bairro S\u00e3o Dami\u00e3o.<\/p>\n","protected":false},"excerpt":{"rendered":"<p>Segundo informa\u00e7\u00f5es do site da Prefeitura de Juiz de Fora (PJF), o\u00a0Canil Municipal da Prefeitura de Juiz de Fora (PJF) promoveu mais um evento de ado\u00e7\u00e3o respons\u00e1vel no Parque Halfeld. No \u00faltimo s\u00e1bado, 15, mais 12 pets ganharam um novo lar, sendo cinco gatos filhotes, cinco c\u00e3es filhotes e dois c\u00e3es adultos. Al\u00e9m disso, a [&hellip;]<\/p>\n","protected":false},"author":246,"featured_media":212750,"comment_status":"closed","ping_status":"closed","sticky":false,"template":"","format":"standard","meta":{"footnotes":""},"categories":[253,436,439],"tags":[],"class_list":["post-212749","post","type-post","status-publish","format-standard","has-post-thumbnail","hentry","category-cidade","category-destaque-da-semana","category-ultima-hora"],"_links":{"self":[{"href":"https:\/\/diarioregionaldigital.com.br\/index.php?rest_route=\/wp\/v2\/posts\/212749","targetHints":{"allow":["GET"]}}],"collection":[{"href":"https:\/\/diarioregionaldigital.com.br\/index.php?rest_route=\/wp\/v2\/posts"}],"about":[{"href":"https:\/\/diarioregionaldigital.com.br\/index.php?rest_route=\/wp\/v2\/types\/post"}],"author":[{"embeddable":true,"href":"https:\/\/diarioregionaldigital.com.br\/index.php?rest_route=\/wp\/v2\/users\/246"}],"replies":[{"embeddable":true,"href":"https:\/\/diarioregionaldigital.com.br\/index.php?rest_route=%2Fwp%2Fv2%2Fcomments&post=212749"}],"version-history":[{"count":1,"href":"https:\/\/diarioregionaldigital.com.br\/index.php?rest_route=\/wp\/v2\/posts\/212749\/revisions"}],"predecessor-version":[{"id":212751,"href":"https:\/\/diarioregionaldigital.com.br\/index.php?rest_route=\/wp\/v2\/posts\/212749\/revisions\/212751"}],"wp:featuredmedia":[{"embeddable":true,"href":"https:\/\/diarioregionaldigital.com.br\/index.php?rest_route=\/wp\/v2\/media\/212750"}],"wp:attachment":[{"href":"https:\/\/diarioregionaldigital.com.br\/index.php?rest_route=%2Fwp%2Fv2%2Fmedia&parent=212749"}],"wp:term":[{"taxonomy":"category","embeddable":true,"href":"https:\/\/diarioregionaldigital.com.br\/index.php?rest_route=%2Fwp%2Fv2%2Fcategories&post=212749"},{"taxonomy":"post_tag","embeddable":true,"href":"https:\/\/diarioregionaldigital.com.br\/index.php?rest_route=%2Fwp%2Fv2%2Ftags&post=212749"}],"curies":[{"name":"wp","href":"https:\/\/api.w.org\/{rel}","templated":true}]}}