{"id":212734,"date":"2023-04-17T22:06:53","date_gmt":"2023-04-18T01:06:53","guid":{"rendered":"https:\/\/diarioregionaldigital.com.br\/?p=212734"},"modified":"2023-04-17T22:06:53","modified_gmt":"2023-04-18T01:06:53","slug":"volei-de-praia-evandro-e-arthur-sao-campeoes-em-fase-do-mundial-no-rj","status":"publish","type":"post","link":"https:\/\/diarioregionaldigital.com.br\/?p=212734","title":{"rendered":"V\u00f4lei de praia: Evandro e Arthur s\u00e3o campe\u00f5es em fase do mundial no RJ"},"content":{"rendered":"<p>O v\u00f4lei de praia brasileiro teve um domingo (16) especial com medalhas de ouro, prata e bronze no Challenge Saquarema (RJ), etapa do circuito mundial. Formada no in\u00edcio do ano, a dupla Evandro e Arthur Lanci foi campe\u00e3 ao derrotar os norte-americanos Budinger e Evan na final, por 2 sets a 1 (21\/18, 21\/12 e 15\/13).<\/p>\n<p>No feminino, teve dobradinha brasileira no p\u00f3dio: Tain\u00e1 e Vict\u00f3ria faturaram a prata, ap\u00f3s serem superadas na final pela italianas Menegatti e Gottardi, por 2 sets a 1 (21\/18, 25\/23 e 15\/11). E medalha de bronze ficou com Andressa e Vit\u00f3ria que levaram a melhor sobre a dupla Paulikiene e Raupelyte, da Litu\u00e2nia, com vit\u00f3ria de virada por 2 sets a 1 (19-21, 21-12 e 15-9).<\/p>\n<div class=\"dnd-widget-wrapper context-cheio_8colunas type-image\">\n<div class=\"dnd-atom-rendered\">\n<div class=\"shadow overflow-hidden rounded-lg d-block zoom-on-hover-sm shadow-hover w-100\"><img decoding=\"async\" class=\"flex-fill img-cover\" title=\"Reprodu\u00e7\u00e3o Facebook\/CBV\" src=\"https:\/\/imagens.ebc.com.br\/rsuhqc0BcLNywVFpiT6aDtVIIXU=\/754x0\/smart\/https:\/\/agenciabrasil.ebc.com.br\/sites\/default\/files\/thumbnails\/image\/taina_e_victoria_saquarema_prata_2023.jpg?itok=k2A9VWcU\" alt=\"Tain\u00e1 e Vict\u00f3ria s\u00e3o prata em Saquarema, em etapa do circuito mundial de v\u00f4lei de praia 2023\" \/><\/div>\n<\/div>\n<div class=\"dnd-caption-wrapper\">\n<div class=\"meta\">Tain\u00e1 e Vict\u00f3ria brigaram pela medalha de ouro na final, mas foram superadas pela italianas Menegatti e Gottardi, por 2 sets a 1 (21\/18, 25\/23 e 15\/11).\u00a0&#8211;\u00a0<strong>Reprodu\u00e7\u00e3o Facebook\/CBV<\/strong><\/div>\n<\/div>\n<\/div>\n<p>A pr\u00f3xima etapa do Mundial ocorrer\u00e1 em Uberl\u00e2ndia (MG), o Beach Pro Tour,\u00a0 com as melhores duplas de v\u00f4lei de praia do mundo, de 26 a 30 de abril. Ser\u00e1 a \u00faltima competi\u00e7\u00e3o do circuito no Brasil, No \u00faltimo domingo (10), na etapa realizada em\u00a0Itapema (SC), o Brasil foi ouro com a dupla\u00a0Andr\u00e9 Stein e George, e prata com\u00a0\u00a0B\u00e1rbara Seixas e Carol Solberg.<\/p>\n<h2>Ciclo ol\u00edmpico para Paris 2024<\/h2>\n<p>Na busca por vaga nos Jogos de Paris, quem soma mais medalhas no circuito mundial de v\u00f4lei de praia tem mais chances de encaminhar a classifica\u00e7\u00e3o \u00e0 Olimp\u00edada. No entanto, cabe \u00e0 Confedera\u00e7\u00e3o Brasileira de V\u00f4lei (CBV) a indica\u00e7\u00e3o de quais duplas ir\u00e3o representar o pa\u00eds na competi\u00e7\u00e3o. .<\/p>\n<p>Outra forma de garantir a classifica\u00e7\u00e3o \u00e9 pelo ranking mundial. Ir\u00e3o \u00e0 Paris 2024 as 17 duplas mais bem ranqueadas no per\u00edodo de 1\u00ba de janeiro deste ano a 10 de junho de 2024.<\/p>\n<p><span style=\"font-weight: 400;\">\u00a0<\/span><span style=\"font-weight: 400;\"><br \/>\n<\/span><span style=\"font-weight: 400;\">Fonte: Ag\u00eancia Brasil <\/span><\/p>\n","protected":false},"excerpt":{"rendered":"<p>O v\u00f4lei de praia brasileiro teve um domingo (16) especial com medalhas de ouro, prata e bronze no Challenge Saquarema (RJ), etapa do circuito mundial. Formada no in\u00edcio do ano, a dupla Evandro e Arthur Lanci foi campe\u00e3 ao derrotar os norte-americanos Budinger e Evan na final, por 2 sets a 1 (21\/18, 21\/12 e [&hellip;]<\/p>\n","protected":false},"author":246,"featured_media":212735,"comment_status":"closed","ping_status":"closed","sticky":false,"template":"","format":"standard","meta":{"footnotes":""},"categories":[436,440,257,439],"tags":[],"class_list":["post-212734","post","type-post","status-publish","format-standard","has-post-thumbnail","hentry","category-destaque-da-semana","category-destaques-do-dia","category-esporte","category-ultima-hora"],"_links":{"self":[{"href":"https:\/\/diarioregionaldigital.com.br\/index.php?rest_route=\/wp\/v2\/posts\/212734","targetHints":{"allow":["GET"]}}],"collection":[{"href":"https:\/\/diarioregionaldigital.com.br\/index.php?rest_route=\/wp\/v2\/posts"}],"about":[{"href":"https:\/\/diarioregionaldigital.com.br\/index.php?rest_route=\/wp\/v2\/types\/post"}],"author":[{"embeddable":true,"href":"https:\/\/diarioregionaldigital.com.br\/index.php?rest_route=\/wp\/v2\/users\/246"}],"replies":[{"embeddable":true,"href":"https:\/\/diarioregionaldigital.com.br\/index.php?rest_route=%2Fwp%2Fv2%2Fcomments&post=212734"}],"version-history":[{"count":1,"href":"https:\/\/diarioregionaldigital.com.br\/index.php?rest_route=\/wp\/v2\/posts\/212734\/revisions"}],"predecessor-version":[{"id":212736,"href":"https:\/\/diarioregionaldigital.com.br\/index.php?rest_route=\/wp\/v2\/posts\/212734\/revisions\/212736"}],"wp:featuredmedia":[{"embeddable":true,"href":"https:\/\/diarioregionaldigital.com.br\/index.php?rest_route=\/wp\/v2\/media\/212735"}],"wp:attachment":[{"href":"https:\/\/diarioregionaldigital.com.br\/index.php?rest_route=%2Fwp%2Fv2%2Fmedia&parent=212734"}],"wp:term":[{"taxonomy":"category","embeddable":true,"href":"https:\/\/diarioregionaldigital.com.br\/index.php?rest_route=%2Fwp%2Fv2%2Fcategories&post=212734"},{"taxonomy":"post_tag","embeddable":true,"href":"https:\/\/diarioregionaldigital.com.br\/index.php?rest_route=%2Fwp%2Fv2%2Ftags&post=212734"}],"curies":[{"name":"wp","href":"https:\/\/api.w.org\/{rel}","templated":true}]}}