{"id":212714,"date":"2023-04-17T21:25:26","date_gmt":"2023-04-18T00:25:26","guid":{"rendered":"https:\/\/diarioregionaldigital.com.br\/?p=212714"},"modified":"2023-04-17T21:25:26","modified_gmt":"2023-04-18T00:25:26","slug":"bancos-entregarao-estudo-sobre-juros-do-rotativo-do-cartao","status":"publish","type":"post","link":"https:\/\/diarioregionaldigital.com.br\/?p=212714","title":{"rendered":"Bancos entregar\u00e3o estudo sobre juros do rotativo do cart\u00e3o"},"content":{"rendered":"<p>Os bancos entregar\u00e3o um cronograma de estudos ao governo e ao Banco Central (BC) sobre as causas dos juros altos no rotativo do cart\u00e3o de cr\u00e9dito, disse na noite de hoje (17) o ministro da Fazenda, Fernando Haddad. Ele reuniu-se com representantes de institui\u00e7\u00f5es financeiras para discutir uma solu\u00e7\u00e3o para as taxas dessa modalidade, que est\u00e3o em 417,4% ao ano, segundo o BC.<\/p>\n<p>Segundo Haddad, o primeiro encontro, que durou cerca de uma hora, serviu apenas para tra\u00e7ar um diagn\u00f3stico do setor. O ministro prometeu apresentar um estudo em breve e o envolvimento do BC nas discuss\u00f5es.<\/p>\n<p>\u201cEst\u00e1vamos com quatro ou cinco CEOs [presidentes-executivos] de bancos aqui, n\u00e3o s\u00f3 a Febraban [Federa\u00e7\u00e3o Brasileira de Bancos]. Vamos envolver o Banco Central nas discuss\u00f5es. Eles v\u00e3o entregar um cronograma de apresenta\u00e7\u00e3o de um estudo [para os juros do rotativo]. Eu pedi celeridade, eles pediram para envolver o BC porque tem a regulamenta\u00e7\u00e3o do produto\u201d, afirmou Haddad ap\u00f3s a reuni\u00e3o no Minist\u00e9rio da Fazenda.<\/p>\n<p>Estiveram presentes no encontro, o presidente da Febraban, Isaac Sidney, e o ex-deputado federal Rodrigo Maia, presidente da Confedera\u00e7\u00e3o Nacional das Institui\u00e7\u00f5es Financeiras (CNF). Eles estavam acompanhados de presidentes de quatro bancos: Octavio de Lazari (Bradesco), Milton Maluhy (Ita\u00fa-Unibanco), Mario Le\u00e3o (Santander Brasil) e Cristina Junqueira (Nubank).<\/p>\n<p>De acordo com Haddad, a discuss\u00e3o n\u00e3o \u00e9 simples porque a ind\u00fastria de cart\u00f5es de cr\u00e9dito tem muitos atores envolvidos: \u201cs\u00e3o muitos interlocutores: bandeira, maquininha, bancos e lojistas&#8221;.<\/p>\n<p>Logo ap\u00f3s a reuni\u00e3o com as institui\u00e7\u00f5es financeiras, Haddad seguiu para o Pal\u00e1cio da Alvorada, acompanhado do secret\u00e1rio-executivo da Fazenda, Gustavo Gal\u00edpolo; e do secret\u00e1rio da Receita Federal, Robson Barreirinhas, para uma reuni\u00e3o com o presidente Luiz In\u00e1cio Lula da Silva. Questionado se o encontro seria sobre a entrega do texto do novo arcabou\u00e7o fiscal ao Congresso, o ministro respondeu apenas: \u201cVamos saber agora.\u201d<\/p>\n<h2>Disposi\u00e7\u00e3o<\/h2>\n<p>Do lado das institui\u00e7\u00f5es financeiras, apenas o presidente da Febraban falou com os jornalistas. Ele disse que a entidade est\u00e1 disposta a construir, com o governo federal e o Banco Central, solu\u00e7\u00f5es para diminuir os juros no rotativo do cart\u00e3o de cr\u00e9dito. Ele disse que um grupo de trabalho ser\u00e1 constitu\u00eddo, sem prazo para a conclus\u00e3o da an\u00e1lise.<\/p>\n<p>\u201c\u00c9 importante que a gente ataque n\u00e3o s\u00f3 as causas do\u00a0<em>spread<\/em>\u00a0banc\u00e1rio elevado, mas compreenda as causas do custo de cr\u00e9dito elevado. N\u00e3o \u00e9 o momento para apontar caminhos ou discutir propostas. Os caminhos precisam ser discutidos ap\u00f3s um diagn\u00f3stico correto\u201d, declarou.<\/p>\n<p>Mais cedo, Haddad tinha afirmado que o governo pretende soltar, nesta semana, 14\u00a0<a href=\"https:\/\/agenciabrasil.ebc.com.br\/economia\/noticia\/2023-04\/haddad-anuncia-14-medidas-para-o-credito-nesta-semana\" target=\"_blank\" rel=\"noopener\">medidas para estimular o mercado de cr\u00e9dito<\/a>\u00a0no Brasil. Com a previs\u00e3o de que o grupo de trabalho s\u00f3 comece as atividades nos pr\u00f3ximos dias, uma medida para o rotativo do cart\u00e3o de cr\u00e9dito deve ficar para depois.<\/p>\n<p>Segundo o presidente da Febraban, uma das sugest\u00f5es a serem apresentadas pelas institui\u00e7\u00f5es financeiras ser\u00e1 um novo marco legal de garantias (bens e ativos que cubram eventuais calotes), cujo projeto tramita no Congresso Nacional. \u201cUma das raz\u00f5es a juros banc\u00e1rios elevados \u00e9 pouca efetividade de garantias. Se o pa\u00eds tiver o Marco Legal de Garantias, vamos dar um passo importante para reduzir o custo de cr\u00e9dito\u201d, declarou Isaac Sidney.<\/p>\n<p><span style=\"font-weight: 400;\">Fonte: Ag\u00eancia Brasil <\/span><\/p>\n","protected":false},"excerpt":{"rendered":"<p>Os bancos entregar\u00e3o um cronograma de estudos ao governo e ao Banco Central (BC) sobre as causas dos juros altos no rotativo do cart\u00e3o de cr\u00e9dito, disse na noite de hoje (17) o ministro da Fazenda, Fernando Haddad. Ele reuniu-se com representantes de institui\u00e7\u00f5es financeiras para discutir uma solu\u00e7\u00e3o para as taxas dessa modalidade, que [&hellip;]<\/p>\n","protected":false},"author":246,"featured_media":212715,"comment_status":"closed","ping_status":"closed","sticky":false,"template":"","format":"standard","meta":{"footnotes":""},"categories":[436,261,439],"tags":[],"class_list":["post-212714","post","type-post","status-publish","format-standard","has-post-thumbnail","hentry","category-destaque-da-semana","category-economia","category-ultima-hora"],"_links":{"self":[{"href":"https:\/\/diarioregionaldigital.com.br\/index.php?rest_route=\/wp\/v2\/posts\/212714","targetHints":{"allow":["GET"]}}],"collection":[{"href":"https:\/\/diarioregionaldigital.com.br\/index.php?rest_route=\/wp\/v2\/posts"}],"about":[{"href":"https:\/\/diarioregionaldigital.com.br\/index.php?rest_route=\/wp\/v2\/types\/post"}],"author":[{"embeddable":true,"href":"https:\/\/diarioregionaldigital.com.br\/index.php?rest_route=\/wp\/v2\/users\/246"}],"replies":[{"embeddable":true,"href":"https:\/\/diarioregionaldigital.com.br\/index.php?rest_route=%2Fwp%2Fv2%2Fcomments&post=212714"}],"version-history":[{"count":1,"href":"https:\/\/diarioregionaldigital.com.br\/index.php?rest_route=\/wp\/v2\/posts\/212714\/revisions"}],"predecessor-version":[{"id":212716,"href":"https:\/\/diarioregionaldigital.com.br\/index.php?rest_route=\/wp\/v2\/posts\/212714\/revisions\/212716"}],"wp:featuredmedia":[{"embeddable":true,"href":"https:\/\/diarioregionaldigital.com.br\/index.php?rest_route=\/wp\/v2\/media\/212715"}],"wp:attachment":[{"href":"https:\/\/diarioregionaldigital.com.br\/index.php?rest_route=%2Fwp%2Fv2%2Fmedia&parent=212714"}],"wp:term":[{"taxonomy":"category","embeddable":true,"href":"https:\/\/diarioregionaldigital.com.br\/index.php?rest_route=%2Fwp%2Fv2%2Fcategories&post=212714"},{"taxonomy":"post_tag","embeddable":true,"href":"https:\/\/diarioregionaldigital.com.br\/index.php?rest_route=%2Fwp%2Fv2%2Ftags&post=212714"}],"curies":[{"name":"wp","href":"https:\/\/api.w.org\/{rel}","templated":true}]}}