{"id":212711,"date":"2023-04-17T21:23:28","date_gmt":"2023-04-18T00:23:28","guid":{"rendered":"https:\/\/diarioregionaldigital.com.br\/?p=212711"},"modified":"2023-04-17T21:23:28","modified_gmt":"2023-04-18T00:23:28","slug":"haddad-anuncia-14-medidas-para-o-credito-nesta-semana","status":"publish","type":"post","link":"https:\/\/diarioregionaldigital.com.br\/?p=212711","title":{"rendered":"Haddad anuncia 14 medidas para o cr\u00e9dito nesta semana"},"content":{"rendered":"<p>At\u00e9 o fim desta semana, o governo deve anunciar 14 medidas para estimular o cr\u00e9dito, anunciou nesta segunda-feira (17) o ministro da Fazenda, Fernando Haddad. Entre as prov\u00e1veis medidas, est\u00e1 uma revis\u00e3o nos juros do cart\u00e3o de cr\u00e9dito rotativo, que ser\u00e1 discutida no fim desta tarde em uma reuni\u00e3o com representantes de institui\u00e7\u00f5es financeiras.<\/p>\n<p>\u201cHoje j\u00e1 vamos discutir alternativas [com os bancos]\u201d, disse Haddad ao sair para reuni\u00e3o no Minist\u00e9rio de Minas e Energia. \u201cO atual desenho do rotativo est\u00e1 prejudicando a popula\u00e7\u00e3o de baixa renda. Boa parte do pessoal que est\u00e1 no Serasa \u00e9 por conta do cart\u00e3o de cr\u00e9dito. N\u00e3o s\u00f3 isso, mas tamb\u00e9m\u201d, acrescentou.<\/p>\n<p>Segundo Haddad, o governo pretende encontrar uma solu\u00e7\u00e3o negociada com os bancos, como ocorreu com os juros do cr\u00e9dito consignado do Instituto Nacional do Seguro Social (INSS).\u00a0<a href=\"https:\/\/agenciabrasil.ebc.com.br\/economia\/noticia\/2023-03\/juro-do-consignado-aposentados-e-reduzido-para-17-ao-mes\" target=\"_blank\" rel=\"noopener\">No m\u00eas passado, as taxas foram limitadas<\/a>\u00a0a 1,7% ao m\u00eas,\u00a0<a href=\"https:\/\/agenciabrasil.ebc.com.br\/economia\/noticia\/2023-03\/teto-do-credito-consignado-do-inss-sobe-para-197-ao-mes\" target=\"_blank\" rel=\"noopener\">mas o teto subiu para 1,97% ao m\u00eas<\/a>\u00a0ap\u00f3s bancos suspenderem a oferta dessa modalidade de cr\u00e9dito.<\/p>\n<p>Linha de cr\u00e9dito pr\u00e9-aprovada no cart\u00e3o, o rotativo incide quando o cliente parcela a fatura ou faz saques na fun\u00e7\u00e3o cr\u00e9dito. Em fevereiro, segundo os dados mais recentes do Banco Central (BC), a taxa dos rotativos subiu 6 pontos percentuais, para 417,4% ao ano.<\/p>\n<p>Em 2017, o\u00a0<a href=\"https:\/\/agenciabrasil.ebc.com.br\/economia\/noticia\/2017-04\/novas-regras-para-rotativo-do-cartao-de-credito-valem-partir-de-amanha\" target=\"_blank\" rel=\"noopener\">Banco Central limitou a 30 dias<\/a>\u00a0a cobran\u00e7a do rotativo do cart\u00e3o de cr\u00e9dito. Em caso de inadimpl\u00eancia do cliente ap\u00f3s esse prazo, o banco deve parcelar o saldo devedor ou renegociar o d\u00e9bito com taxas mais vantajosas para o devedor.<\/p>\n<h2>Bancos<\/h2>\n<p>Em nota, a Federa\u00e7\u00e3o Brasileira de Bancos (Febraban) informou que est\u00e1 disposta a discutir o assunto de maneira t\u00e9cnica. A entidade informou que o setor est\u00e1 comprometido com a redu\u00e7\u00e3o do custo de cr\u00e9dito do pa\u00eds, mas disse que as negocia\u00e7\u00f5es devem levar em conta a estrutura de custo das institui\u00e7\u00f5es financeiras, as especificidades de cada produto e a \u201cracionalidade econ\u00f4mica\u201d.<\/p>\n<p>\u201cNesse sentido, a entidade entende como oportuna a discuss\u00e3o t\u00e9cnica e aprofundada das causas que levam o cart\u00e3o de cr\u00e9dito a ter patamares elevados de juros. A Febraban ressalva, no entanto, que esse \u00e9 um tema que nos convida a um amplo debate, para enxergar as consequ\u00eancias, envolvendo BC, Fazenda e os participantes da ind\u00fastria\u201d, informou a entidade.<\/p>\n<p>De acordo com a Febraban, \u00e9 poss\u00edvel chegar a um acordo, desde que as discuss\u00f5es sejam t\u00e9cnicas. \u201c\u00c9 necess\u00e1rio encontrarmos, portanto, mecanismos que possam endere\u00e7ar as causas do elevado spread [diferen\u00e7a entre os juros pagos pelos bancos para captar recursos e as taxas cobradas dos clientes]\u201d, ressaltou o comunicado.<\/p>\n<p><span style=\"font-weight: 400;\">Fonte: Ag\u00eancia Brasil <\/span><\/p>\n","protected":false},"excerpt":{"rendered":"<p>At\u00e9 o fim desta semana, o governo deve anunciar 14 medidas para estimular o cr\u00e9dito, anunciou nesta segunda-feira (17) o ministro da Fazenda, Fernando Haddad. Entre as prov\u00e1veis medidas, est\u00e1 uma revis\u00e3o nos juros do cart\u00e3o de cr\u00e9dito rotativo, que ser\u00e1 discutida no fim desta tarde em uma reuni\u00e3o com representantes de institui\u00e7\u00f5es financeiras. \u201cHoje [&hellip;]<\/p>\n","protected":false},"author":246,"featured_media":212712,"comment_status":"closed","ping_status":"closed","sticky":false,"template":"","format":"standard","meta":{"footnotes":""},"categories":[436,261,439],"tags":[],"class_list":["post-212711","post","type-post","status-publish","format-standard","has-post-thumbnail","hentry","category-destaque-da-semana","category-economia","category-ultima-hora"],"_links":{"self":[{"href":"https:\/\/diarioregionaldigital.com.br\/index.php?rest_route=\/wp\/v2\/posts\/212711","targetHints":{"allow":["GET"]}}],"collection":[{"href":"https:\/\/diarioregionaldigital.com.br\/index.php?rest_route=\/wp\/v2\/posts"}],"about":[{"href":"https:\/\/diarioregionaldigital.com.br\/index.php?rest_route=\/wp\/v2\/types\/post"}],"author":[{"embeddable":true,"href":"https:\/\/diarioregionaldigital.com.br\/index.php?rest_route=\/wp\/v2\/users\/246"}],"replies":[{"embeddable":true,"href":"https:\/\/diarioregionaldigital.com.br\/index.php?rest_route=%2Fwp%2Fv2%2Fcomments&post=212711"}],"version-history":[{"count":1,"href":"https:\/\/diarioregionaldigital.com.br\/index.php?rest_route=\/wp\/v2\/posts\/212711\/revisions"}],"predecessor-version":[{"id":212713,"href":"https:\/\/diarioregionaldigital.com.br\/index.php?rest_route=\/wp\/v2\/posts\/212711\/revisions\/212713"}],"wp:featuredmedia":[{"embeddable":true,"href":"https:\/\/diarioregionaldigital.com.br\/index.php?rest_route=\/wp\/v2\/media\/212712"}],"wp:attachment":[{"href":"https:\/\/diarioregionaldigital.com.br\/index.php?rest_route=%2Fwp%2Fv2%2Fmedia&parent=212711"}],"wp:term":[{"taxonomy":"category","embeddable":true,"href":"https:\/\/diarioregionaldigital.com.br\/index.php?rest_route=%2Fwp%2Fv2%2Fcategories&post=212711"},{"taxonomy":"post_tag","embeddable":true,"href":"https:\/\/diarioregionaldigital.com.br\/index.php?rest_route=%2Fwp%2Fv2%2Ftags&post=212711"}],"curies":[{"name":"wp","href":"https:\/\/api.w.org\/{rel}","templated":true}]}}