{"id":212702,"date":"2023-04-16T06:00:29","date_gmt":"2023-04-16T09:00:29","guid":{"rendered":"https:\/\/diarioregionaldigital.com.br\/?p=212702"},"modified":"2023-04-15T05:21:03","modified_gmt":"2023-04-15T08:21:03","slug":"a-cultura-do-odio","status":"publish","type":"post","link":"https:\/\/diarioregionaldigital.com.br\/?p=212702","title":{"rendered":"A Cultura do \u00d3dio"},"content":{"rendered":"<p>A Academia Brasileira de Letras, nos seus 125 anos de exist\u00eancia, n\u00e3o cuidou somente de l\u00edngua e literatura. Teve que se ocupar tamb\u00e9m de graves problemas nacionais, como agora se deparou com a propaga\u00e7\u00e3o do \u00f3dio em v\u00e1rios dos nossos Estados. S\u00e3o recentes os fatos a lamentar, como\u00a0 registrados \u00a0no Rio (Baixada Fluminense), Tabo\u00e3o da Serra(SP) e Blumenau(SC). Nesta \u00faltima cidade, foram covardemente assassinadas quatro crian\u00e7as de 4 a 7 anos de idade. O psicopata invadiu a creche e, utilizando um machado, feriu mortalmente as suas jovens\u00a0 v\u00edtimas. Tudo isso em troca de publicidade?<\/p>\n<p>Na nota da ABL, assinada pelo presidente Merval Pereira, \u00a0afirma-se \u00a0que a entidade, fiel \u00e0 sua voca\u00e7\u00e3o humanista e preocupada com a onda de viol\u00eancia que assola o pa\u00eds, em especial colocando em risco as escolas, origem n\u00e3o apenas da educa\u00e7\u00e3o formal, mas do aprendizado de conviv\u00eancia e solidariedade na sociedade, presta seu apoio \u00e0s fam\u00edlias v\u00edtimas da trag\u00e9dia na Creche Bom Pastor, em Blumenau.\u00a0 Como institui\u00e7\u00e3o cultural, respons\u00e1vel pelo cultivo da l\u00edngua e da literatura brasileira, conclama \u00a0que medidas \u00a0preventivas \u00a0sejam tomadas pelas autoridades para preservar os estudantes de ataques que, em \u00faltima inst\u00e2ncia, s\u00e3o ataques \u00e0s\u00a0 institui\u00e7\u00f5es de ensino, b\u00e1sicas para o desenvolvimento nacional.\u201d<\/p>\n<p>Como se v\u00ea, h\u00e1 hoje a orienta\u00e7\u00e3o de n\u00e3o citar o nome do criminoso. Se ele buscava notoriedade, ter\u00e1 menos do que o \u00a0esperado.<\/p>\n<p>A quadra que estamos vivendo \u00e9 extremamente delicada. |Ao lado desses ataques que se sucedem, temos grupos nonazistas operando no pa\u00eds, com forte apoio nas chamadas\u00a0 redes sociais. Isso tudo ao lado de defici\u00eancias na sa\u00fade mental de parte da popula\u00e7\u00e3o, a exigir delicadas e urgentes \u00a0provid\u00eancias por parte do Governo.<\/p>\n<p>Ouvimos comoventes entrevistas do Presidente da\u00a0 Rep\u00faiblica (\u201csinto-me enojado com isso tudo\u201d) e de v\u00e1rios ministros, propondo grupos de trabalho para estudar a mat\u00e9ria, que naturalmente \u00e9 muito delicada e requer uma a\u00e7\u00e3o imediata. A ideia de convocar militares da reserva para servir em escolas \u00e9 boa, mas ser\u00e1 suficiente? \u00c9 preciso tamb\u00e9m organizar um eficiente esquema de intelig\u00eancia. Estamos preparados para isso?<\/p>\n","protected":false},"excerpt":{"rendered":"<p>A Academia Brasileira de Letras, nos seus 125 anos de exist\u00eancia, n\u00e3o cuidou somente de l\u00edngua e literatura. Teve que se ocupar tamb\u00e9m de graves problemas nacionais, como agora se deparou com a propaga\u00e7\u00e3o do \u00f3dio em v\u00e1rios dos nossos Estados. S\u00e3o recentes os fatos a lamentar, como\u00a0 registrados \u00a0no Rio (Baixada Fluminense), Tabo\u00e3o da [&hellip;]<\/p>\n","protected":false},"author":96,"featured_media":0,"comment_status":"closed","ping_status":"closed","sticky":false,"template":"","format":"standard","meta":{"footnotes":""},"categories":[275],"tags":[],"class_list":["post-212702","post","type-post","status-publish","format-standard","hentry","category-arnaldo-niskier"],"_links":{"self":[{"href":"https:\/\/diarioregionaldigital.com.br\/index.php?rest_route=\/wp\/v2\/posts\/212702","targetHints":{"allow":["GET"]}}],"collection":[{"href":"https:\/\/diarioregionaldigital.com.br\/index.php?rest_route=\/wp\/v2\/posts"}],"about":[{"href":"https:\/\/diarioregionaldigital.com.br\/index.php?rest_route=\/wp\/v2\/types\/post"}],"author":[{"embeddable":true,"href":"https:\/\/diarioregionaldigital.com.br\/index.php?rest_route=\/wp\/v2\/users\/96"}],"replies":[{"embeddable":true,"href":"https:\/\/diarioregionaldigital.com.br\/index.php?rest_route=%2Fwp%2Fv2%2Fcomments&post=212702"}],"version-history":[{"count":2,"href":"https:\/\/diarioregionaldigital.com.br\/index.php?rest_route=\/wp\/v2\/posts\/212702\/revisions"}],"predecessor-version":[{"id":212704,"href":"https:\/\/diarioregionaldigital.com.br\/index.php?rest_route=\/wp\/v2\/posts\/212702\/revisions\/212704"}],"wp:attachment":[{"href":"https:\/\/diarioregionaldigital.com.br\/index.php?rest_route=%2Fwp%2Fv2%2Fmedia&parent=212702"}],"wp:term":[{"taxonomy":"category","embeddable":true,"href":"https:\/\/diarioregionaldigital.com.br\/index.php?rest_route=%2Fwp%2Fv2%2Fcategories&post=212702"},{"taxonomy":"post_tag","embeddable":true,"href":"https:\/\/diarioregionaldigital.com.br\/index.php?rest_route=%2Fwp%2Fv2%2Ftags&post=212702"}],"curies":[{"name":"wp","href":"https:\/\/api.w.org\/{rel}","templated":true}]}}