{"id":212688,"date":"2023-04-14T23:12:55","date_gmt":"2023-04-15T02:12:55","guid":{"rendered":"https:\/\/diarioregionaldigital.com.br\/?p=212688"},"modified":"2023-04-14T23:12:55","modified_gmt":"2023-04-15T02:12:55","slug":"ponte-da-remonta-tera-interdicao-total-para-obra-da-cesama-durante-madrugada-de-sabado-para-domingo","status":"publish","type":"post","link":"https:\/\/diarioregionaldigital.com.br\/?p=212688","title":{"rendered":"Ponte da Remonta ter\u00e1 interdi\u00e7\u00e3o total para obra da Cesama durante madrugada de s\u00e1bado para domingo"},"content":{"rendered":"<p>Segundo informa\u00e7\u00f5es do site da Prefeitura de Juiz de Fora (PJF), para a realiza\u00e7\u00e3o das obras da quarta adutora, que est\u00e3o em fase final de execu\u00e7\u00e3o, a ponte que liga a Avenida Garcia Rodrigues Paes (Acesso Norte) ao bairro Parque das Torres ser\u00e1 totalmente interditada neste s\u00e1bado, dia 15, a partir das 21h. De acordo com a Companhia de Saneamento Municipal (Cesama), a conclus\u00e3o dos trabalhos e libera\u00e7\u00e3o da via est\u00e1 prevista para as 4h. O acesso ao bairro ser\u00e1 poss\u00edvel somente via Novo Triunfo.<\/p>\n<p>As linhas 704 e 705 (J\u00f3quei Clube III) v\u00e3o realizar itiner\u00e1rio alternativo a partir de 21h devido ao fechamento da ponte. As linhas dever\u00e3o cumprir o seguinte trajeto a partir do ponto final da linha 700 (Barbosa Lage):<\/p>\n<p>&#8211;\u00a0<strong>Sentido Centro\/Bairro<\/strong>:&#8230;Rua Confrade Manoel da Luz, Av. Ant\u00f4nio Guimar\u00e3es Peralva, Rua Jos\u00e9 Estev\u00e3o (Ponto final).<\/p>\n<p>&#8211;\u00a0<strong>Sentido Bairro\/Centro<\/strong>:&#8230;Rua Jos\u00e9 Estev\u00e3o (Ponto final), Av. Ant\u00f4nio Weitzel, Rua Para\u00edso de Alc\u00e2ntara, Av. Ant\u00f4nio Guimar\u00e3es Peralva, Av. Cantor Orlando Silva, Av. Ant\u00f4nio Weitzel,&#8230;<\/p>\n<p><strong>Obra ir\u00e1 ampliar a capacidade de transporte de \u00e1gua<\/strong><\/p>\n<p>Or\u00e7ada em cerca de R$ 35 milh\u00f5es, a quarta adutora ir\u00e1 ampliar a capacidade de transporte de \u00e1gua entre as unidades da Cesama e a regi\u00e3o central, refor\u00e7ando o sistema e proporcionando maior estabilidade para o abastecimento de toda a cidade. A nova tubula\u00e7\u00e3o tamb\u00e9m ser\u00e1 uma alternativa \u00e0 segunda adutora, constru\u00edda em 1970, que liga a Esta\u00e7\u00e3o de Tratamento de \u00c1gua (ETA) Marechal Castelo Branco ao Centro.<\/p>\n<p>A quarta adutora ter\u00e1 fun\u00e7\u00e3o semelhante \u00e0 da segunda, por\u00e9m, com uma capacidade de vaz\u00e3o maior e acesso facilitado para reparos, algo que n\u00e3o era poss\u00edvel com a segunda adutora, que, por passar pela Mata do Krambeck, \u00e9 considerada de dif\u00edcil manuten\u00e7\u00e3o. Ela ainda poder\u00e1 receber a contribui\u00e7\u00e3o da terceira adutora, que transporta a \u00e1gua da ETA Walfrido Machado Mendon\u00e7a. Assim, a cidade ter\u00e1 mais uma op\u00e7\u00e3o para levar o volume produzido nas duas esta\u00e7\u00f5es para a regi\u00e3o central.<\/p>\n<p>Contando com uma tubula\u00e7\u00e3o de ferro fundido, com 1.200 e 900 mil\u00edmetros de di\u00e2metro, a quarta adutora partir\u00e1 da Estrada da Remonta, entre a ETA Marechal Castelo Branco e o bairro Parque das Torres, atravessando o Rio Paraibuna at\u00e9 o Acesso Norte, na divisa entre a comunidade de Barbosa Lage e o Col\u00e9gio Militar, seguindo at\u00e9 Santa Terezinha e cortando novamente o Paraibuna, onde se interligar\u00e1 ao sistema de distribui\u00e7\u00e3o da Cesama.<\/p>\n","protected":false},"excerpt":{"rendered":"<p>Segundo informa\u00e7\u00f5es do site da Prefeitura de Juiz de Fora (PJF), para a realiza\u00e7\u00e3o das obras da quarta adutora, que est\u00e3o em fase final de execu\u00e7\u00e3o, a ponte que liga a Avenida Garcia Rodrigues Paes (Acesso Norte) ao bairro Parque das Torres ser\u00e1 totalmente interditada neste s\u00e1bado, dia 15, a partir das 21h. De acordo [&hellip;]<\/p>\n","protected":false},"author":246,"featured_media":212689,"comment_status":"closed","ping_status":"closed","sticky":false,"template":"","format":"standard","meta":{"footnotes":""},"categories":[253,436,439],"tags":[],"class_list":["post-212688","post","type-post","status-publish","format-standard","has-post-thumbnail","hentry","category-cidade","category-destaque-da-semana","category-ultima-hora"],"_links":{"self":[{"href":"https:\/\/diarioregionaldigital.com.br\/index.php?rest_route=\/wp\/v2\/posts\/212688","targetHints":{"allow":["GET"]}}],"collection":[{"href":"https:\/\/diarioregionaldigital.com.br\/index.php?rest_route=\/wp\/v2\/posts"}],"about":[{"href":"https:\/\/diarioregionaldigital.com.br\/index.php?rest_route=\/wp\/v2\/types\/post"}],"author":[{"embeddable":true,"href":"https:\/\/diarioregionaldigital.com.br\/index.php?rest_route=\/wp\/v2\/users\/246"}],"replies":[{"embeddable":true,"href":"https:\/\/diarioregionaldigital.com.br\/index.php?rest_route=%2Fwp%2Fv2%2Fcomments&post=212688"}],"version-history":[{"count":1,"href":"https:\/\/diarioregionaldigital.com.br\/index.php?rest_route=\/wp\/v2\/posts\/212688\/revisions"}],"predecessor-version":[{"id":212690,"href":"https:\/\/diarioregionaldigital.com.br\/index.php?rest_route=\/wp\/v2\/posts\/212688\/revisions\/212690"}],"wp:featuredmedia":[{"embeddable":true,"href":"https:\/\/diarioregionaldigital.com.br\/index.php?rest_route=\/wp\/v2\/media\/212689"}],"wp:attachment":[{"href":"https:\/\/diarioregionaldigital.com.br\/index.php?rest_route=%2Fwp%2Fv2%2Fmedia&parent=212688"}],"wp:term":[{"taxonomy":"category","embeddable":true,"href":"https:\/\/diarioregionaldigital.com.br\/index.php?rest_route=%2Fwp%2Fv2%2Fcategories&post=212688"},{"taxonomy":"post_tag","embeddable":true,"href":"https:\/\/diarioregionaldigital.com.br\/index.php?rest_route=%2Fwp%2Fv2%2Ftags&post=212688"}],"curies":[{"name":"wp","href":"https:\/\/api.w.org\/{rel}","templated":true}]}}