{"id":212621,"date":"2023-04-13T19:44:03","date_gmt":"2023-04-13T22:44:03","guid":{"rendered":"https:\/\/diarioregionaldigital.com.br\/?p=212621"},"modified":"2023-04-13T19:44:03","modified_gmt":"2023-04-13T22:44:03","slug":"copa-do-brasil-flu-vence-por-3-a-0-e-encaminha-vaga-nas-oitavas","status":"publish","type":"post","link":"https:\/\/diarioregionaldigital.com.br\/?p=212621","title":{"rendered":"Copa do Brasil: Flu vence por 3 a 0 e encaminha vaga nas oitavas"},"content":{"rendered":"<p>O Fluminense encaminhou a sua classifica\u00e7\u00e3o para as oitavas de final da Copa do Brasil ap\u00f3s derrotar o Paysandu por 3 a 0, na noite desta quarta-feira (12) no est\u00e1dio do Maracan\u00e3, em partida de ida da terceira fase da competi\u00e7\u00e3o. Com isso o Tricolor das Laranjeiras avan\u00e7a mesmo com uma derrota por dois gols de diferen\u00e7a.<\/p>\n<p>Motivado ap\u00f3s a conquista do Campeonato Carioca, alcan\u00e7ada no \u00faltimo domingo (9) com goleada de 4 a 1 sobre o Flamengo, a equipe comandada pelo t\u00e9cnico Fernando Diniz teve amplo dom\u00ednio no primeiro tempo, garantindo logo o resultado final gra\u00e7as a gols de Nino aos 27 minutos, de Keno aos 34 e do veterano Felipe Melo aos 41. Na etapa final o Fluminense continuou em busca de um placar mais el\u00e1stico, mas o Paysandu conseguiu se segurar diante de um advers\u00e1rio que fez muitas mudan\u00e7as.<\/p>\n<h2>Estreia com vit\u00f3ria<\/h2>\n<p>Outro campe\u00e3o estadual a estrear com vit\u00f3ria em casa na edi\u00e7\u00e3o 2023 da Copa do Brasil foi o Palmeiras. O Verd\u00e3o recebeu o Tombense no Allianz Parque e triunfou por 4 a 2 de virada. A equipe de Tombos de Minas chegou a abrir o marcador com Matheus Frizzo logo aos nove minutos de bola rolando, mas o time comandado pelo portugu\u00eas Abel Ferreira virou antes do intervalo com um gola\u00e7o de Gabriel Menino aos 36 minutos e a uma finaliza\u00e7\u00e3o de cabe\u00e7a de Flaco Lopez quatro minutos depois.<\/p>\n<blockquote class=\"twitter-tweet\" data-twitter-extracted-i168142532096953606=\"true\">\n<p dir=\"ltr\" lang=\"pt\" xml:lang=\"pt\">LARGAMOS NA FRENTE! &#x1f4aa;<\/p>\n<p>Vit\u00f3ria importante no in\u00edcio da nossa caminhada pela\u00a0<a href=\"https:\/\/twitter.com\/CopaDoBrasilCBF?ref_src=twsrc%5Etfw\">@CopaDoBrasilCBF<\/a>! AVANTI! &#x1f525;&#x1f437;<\/p>\n<p>&#x1f3c6; Palmeiras 4&#215;2 Tombense<br \/>\n&#x26bd;&#xfe0f; Gabriel Menino, Flaco L\u00f3pez, Gustavo G\u00f3mez e Rafael Navarro.<a href=\"https:\/\/twitter.com\/hashtag\/AvantiPalestra?src=hash&amp;ref_src=twsrc%5Etfw\">#AvantiPalestra<\/a><a href=\"https:\/\/twitter.com\/hashtag\/Verd%C3%A3oDoBrasil?src=hash&amp;ref_src=twsrc%5Etfw\">#Verd\u00e3oDoBrasil<\/a>\u00a0<a href=\"https:\/\/t.co\/NVyKnmfxjQ\">pic.twitter.com\/NVyKnmfxjQ<\/a><\/p>\n<p>\u2014 SE Palmeiras (@Palmeiras)\u00a0<a href=\"https:\/\/twitter.com\/Palmeiras\/status\/1646318879075889152?ref_src=twsrc%5Etfw\">April 13, 2023<\/a><\/p><\/blockquote>\n<p>Aos 42 da etapa final o Palmeiras ampliou com o zagueiro Gustavo G\u00f3mez em cobran\u00e7a de p\u00eanalti. Cinco minutos depois o Tombense ainda ensaiou uma rea\u00e7\u00e3o com Marcelinho, mas Rafael Navarro deu n\u00fameros finais ao placar.<\/p>\n<h2>Trope\u00e7o do Tim\u00e3o<\/h2>\n<p>Em partida transmitida pela\u00a0<strong>R\u00e1dio Nacional<\/strong>\u00a0o Remo superou o Corinthians por 2 a 0 no est\u00e1dio do Mangueir\u00e3o gra\u00e7as a gols de Richard Franco e Muriqui. O classificado para as oitavas de final ser\u00e1 definida no dia 26 de abril em jogo disputado em Itaquera.<\/p>\n<blockquote class=\"twitter-tweet\" data-twitter-extracted-i168142532096953606=\"true\">\n<p dir=\"ltr\" lang=\"pt\" xml:lang=\"pt\">AQUI NA AMAZ\u00d4NIA TEM TIME PRA TORCER! DEU LE\u00c3O! &#x1f981;<\/p>\n<p>Fim de jogo no Novo Mangueir\u00e3o! O Le\u00e3o Azul vence o Corinthians por 2 a 0, com gols de Richard Franco e Muriqui. Bora pro 2\u00b0 jogo com tudo! &#x2694;&#xfe0f;<\/p>\n<p>&#x1f4f8; Samara Miranda\/Remo<a href=\"https:\/\/twitter.com\/hashtag\/OReiDaAmaz%C3%B4nia?src=hash&amp;ref_src=twsrc%5Etfw\">#OReiDaAmaz\u00f4nia<\/a>\u00a0<a href=\"https:\/\/twitter.com\/hashtag\/CopaDoBrasil2023?src=hash&amp;ref_src=twsrc%5Etfw\">#CopaDoBrasil2023<\/a>\u00a0<a href=\"https:\/\/twitter.com\/hashtag\/REMxCOR?src=hash&amp;ref_src=twsrc%5Etfw\">#REMxCOR<\/a>\u00a0<a href=\"https:\/\/t.co\/Ce1mNW2lQr\">pic.twitter.com\/Ce1mNW2lQr<\/a><\/p>\n<p>\u2014 Clube do Remo (@ClubeDoRemo)\u00a0<a href=\"https:\/\/twitter.com\/ClubeDoRemo\/status\/1646340194608586753?ref_src=twsrc%5Etfw\">April 13, 2023<\/a><\/p><\/blockquote>\n<h2>Outros resultados:<\/h2>\n<p>Nova Igua\u00e7u 1 x 2 Am\u00e9rica-MG<br \/>\nCRB 1 x 0 Athletico-PR<br \/>\nCoritiba 3 x 3 Sport<br \/>\nYpiranga-RS 0 x 2 Botafogo<br \/>\nAtl\u00e9tico-MG 2 x 1 Brasil de Pelotas<\/p>\n<p><span style=\"font-weight: 400;\">Fonte: Ag\u00eancia Brasil <\/span><\/p>\n","protected":false},"excerpt":{"rendered":"<p>O Fluminense encaminhou a sua classifica\u00e7\u00e3o para as oitavas de final da Copa do Brasil ap\u00f3s derrotar o Paysandu por 3 a 0, na noite desta quarta-feira (12) no est\u00e1dio do Maracan\u00e3, em partida de ida da terceira fase da competi\u00e7\u00e3o. Com isso o Tricolor das Laranjeiras avan\u00e7a mesmo com uma derrota por dois gols [&hellip;]<\/p>\n","protected":false},"author":246,"featured_media":212622,"comment_status":"closed","ping_status":"closed","sticky":false,"template":"","format":"standard","meta":{"footnotes":""},"categories":[436,257,439],"tags":[],"class_list":["post-212621","post","type-post","status-publish","format-standard","has-post-thumbnail","hentry","category-destaque-da-semana","category-esporte","category-ultima-hora"],"_links":{"self":[{"href":"https:\/\/diarioregionaldigital.com.br\/index.php?rest_route=\/wp\/v2\/posts\/212621","targetHints":{"allow":["GET"]}}],"collection":[{"href":"https:\/\/diarioregionaldigital.com.br\/index.php?rest_route=\/wp\/v2\/posts"}],"about":[{"href":"https:\/\/diarioregionaldigital.com.br\/index.php?rest_route=\/wp\/v2\/types\/post"}],"author":[{"embeddable":true,"href":"https:\/\/diarioregionaldigital.com.br\/index.php?rest_route=\/wp\/v2\/users\/246"}],"replies":[{"embeddable":true,"href":"https:\/\/diarioregionaldigital.com.br\/index.php?rest_route=%2Fwp%2Fv2%2Fcomments&post=212621"}],"version-history":[{"count":1,"href":"https:\/\/diarioregionaldigital.com.br\/index.php?rest_route=\/wp\/v2\/posts\/212621\/revisions"}],"predecessor-version":[{"id":212623,"href":"https:\/\/diarioregionaldigital.com.br\/index.php?rest_route=\/wp\/v2\/posts\/212621\/revisions\/212623"}],"wp:featuredmedia":[{"embeddable":true,"href":"https:\/\/diarioregionaldigital.com.br\/index.php?rest_route=\/wp\/v2\/media\/212622"}],"wp:attachment":[{"href":"https:\/\/diarioregionaldigital.com.br\/index.php?rest_route=%2Fwp%2Fv2%2Fmedia&parent=212621"}],"wp:term":[{"taxonomy":"category","embeddable":true,"href":"https:\/\/diarioregionaldigital.com.br\/index.php?rest_route=%2Fwp%2Fv2%2Fcategories&post=212621"},{"taxonomy":"post_tag","embeddable":true,"href":"https:\/\/diarioregionaldigital.com.br\/index.php?rest_route=%2Fwp%2Fv2%2Ftags&post=212621"}],"curies":[{"name":"wp","href":"https:\/\/api.w.org\/{rel}","templated":true}]}}