{"id":212615,"date":"2023-04-13T19:39:35","date_gmt":"2023-04-13T22:39:35","guid":{"rendered":"https:\/\/diarioregionaldigital.com.br\/?p=212615"},"modified":"2023-04-13T19:39:35","modified_gmt":"2023-04-13T22:39:35","slug":"pge-pede-que-bolsonaro-se-torne-inelegivel-por-mentiras-sobre-urnas","status":"publish","type":"post","link":"https:\/\/diarioregionaldigital.com.br\/?p=212615","title":{"rendered":"PGE pede que Bolsonaro se torne ineleg\u00edvel por mentiras sobre urnas"},"content":{"rendered":"<p>Em manifesta\u00e7\u00e3o enviada nessa quarta-feira (12) ao Tribunal Superior Eleitoral (TSE), a Procuradoria-Geral Eleitoral (PGE) pediu que o ex-presidente Jair Bolsonaro tenha seus direitos pol\u00edticos suspensos, tornando-se ineleg\u00edvel.<\/p>\n<p>O parecer, assinado pelo procurador-geral Eleitoral, Paulo Gonet, foi enviado \u00e0s 23h de ontem (12), no \u00e2mbito do a\u00e7\u00e3o de investiga\u00e7\u00e3o judicial eleitoral (Aije) em que Bolsonaro \u00e9 investigado por atacar o processo eleitoral e as urnas eletr\u00f4nicas, sem provas cr\u00edveis, durante reuni\u00e3o com embaixadores no Pal\u00e1cio da Alvorada, em junho de 2022.<\/p>\n<p>A posi\u00e7\u00e3o da PGE \u00e9 uma das \u00faltimas etapas da Aije. Com isso, a expectativa \u00e9 que o relator do caso, ministro Benedito Gon\u00e7alves, libere o caso para julgamento em plen\u00e1rio nas pr\u00f3ximas semanas, ap\u00f3s elaborar seu voto. Caber\u00e1 ao presidente do TSE, ministro Alexandre de Moraes, marcar o julgamento.<\/p>\n<p>Na pe\u00e7a, Gonet destacou que a apresenta\u00e7\u00e3o de Bolsonaro \u00e0s representa\u00e7\u00f5es diplom\u00e1ticas reuni\u00e3o um compilado de informa\u00e7\u00f5es e boatos reiteradamente j\u00e1 desmentidos por diversos \u00f3rg\u00e3os oficiais.<\/p>\n<p>Caso o pedido da PGE seja acolhido pelo plen\u00e1rio do TSE, Bolsonaro poder\u00e1 se tornar ineleg\u00edvel pelos pr\u00f3ximos oito anos.<\/p>\n<p>Por determina\u00e7\u00e3o de Gon\u00e7alves, a a\u00e7\u00e3o sobre os embaixadores corre sob sigilo no TSE. Entre as provas colhidas no processo, encontra-se a chamada minuta do golpe, documento ap\u00f3crifo que foi encontrado na casa do \u00faltimo ministro da Justi\u00e7a do governo Bolsonaro, Anderson Torres, em dilig\u00eancia de busca e apreens\u00e3o conduzida pela Pol\u00edcia Federal (PF).<\/p>\n<p>Tal minuta de decreto previa uma esp\u00e9cie de interven\u00e7\u00e3o militar na Justi\u00e7a Eleitoral, de modo a impedir a concretiza\u00e7\u00e3o do resultado das urnas. O documento foi inclu\u00eddo no processo a pedido do PDT, autor da Aije.<\/p>\n<p>Torres prestou depoimento sobre o documento no TSE. Tamb\u00e9m foram ouvidos o ex-ministro da Casa Civil, Ciro Nogueira, e\u00a0o almirante Fl\u00e1vio Augusto Viana Rocha, ex-secret\u00e1rio especial de Assuntos Estrat\u00e9gicos da Presid\u00eancia.<\/p>\n<p>Esta \u00e9 mais avan\u00e7ada das 17 Aijes abertas durante as elei\u00e7\u00f5es gerais de 2022 e que tem Bolsonaro como alvo. A defesa de Bolsonaro nega reiteradamente qualquer irregularidade na reuni\u00e3o, que diz ter se tratado de \u201cum debate de ideias\u201d, sem cunho eleitoral.<\/p>\n<p><span style=\"font-weight: 400;\">Fonte: Ag\u00eancia Brasil\u00a0<\/span><span style=\"font-weight: 400;\"><br \/>\n<\/span><\/p>\n","protected":false},"excerpt":{"rendered":"<p>Em manifesta\u00e7\u00e3o enviada nessa quarta-feira (12) ao Tribunal Superior Eleitoral (TSE), a Procuradoria-Geral Eleitoral (PGE) pediu que o ex-presidente Jair Bolsonaro tenha seus direitos pol\u00edticos suspensos, tornando-se ineleg\u00edvel. O parecer, assinado pelo procurador-geral Eleitoral, Paulo Gonet, foi enviado \u00e0s 23h de ontem (12), no \u00e2mbito do a\u00e7\u00e3o de investiga\u00e7\u00e3o judicial eleitoral (Aije) em que Bolsonaro [&hellip;]<\/p>\n","protected":false},"author":246,"featured_media":212616,"comment_status":"closed","ping_status":"closed","sticky":false,"template":"","format":"standard","meta":{"footnotes":""},"categories":[436,254,439],"tags":[],"class_list":["post-212615","post","type-post","status-publish","format-standard","has-post-thumbnail","hentry","category-destaque-da-semana","category-politica","category-ultima-hora"],"_links":{"self":[{"href":"https:\/\/diarioregionaldigital.com.br\/index.php?rest_route=\/wp\/v2\/posts\/212615","targetHints":{"allow":["GET"]}}],"collection":[{"href":"https:\/\/diarioregionaldigital.com.br\/index.php?rest_route=\/wp\/v2\/posts"}],"about":[{"href":"https:\/\/diarioregionaldigital.com.br\/index.php?rest_route=\/wp\/v2\/types\/post"}],"author":[{"embeddable":true,"href":"https:\/\/diarioregionaldigital.com.br\/index.php?rest_route=\/wp\/v2\/users\/246"}],"replies":[{"embeddable":true,"href":"https:\/\/diarioregionaldigital.com.br\/index.php?rest_route=%2Fwp%2Fv2%2Fcomments&post=212615"}],"version-history":[{"count":1,"href":"https:\/\/diarioregionaldigital.com.br\/index.php?rest_route=\/wp\/v2\/posts\/212615\/revisions"}],"predecessor-version":[{"id":212617,"href":"https:\/\/diarioregionaldigital.com.br\/index.php?rest_route=\/wp\/v2\/posts\/212615\/revisions\/212617"}],"wp:featuredmedia":[{"embeddable":true,"href":"https:\/\/diarioregionaldigital.com.br\/index.php?rest_route=\/wp\/v2\/media\/212616"}],"wp:attachment":[{"href":"https:\/\/diarioregionaldigital.com.br\/index.php?rest_route=%2Fwp%2Fv2%2Fmedia&parent=212615"}],"wp:term":[{"taxonomy":"category","embeddable":true,"href":"https:\/\/diarioregionaldigital.com.br\/index.php?rest_route=%2Fwp%2Fv2%2Fcategories&post=212615"},{"taxonomy":"post_tag","embeddable":true,"href":"https:\/\/diarioregionaldigital.com.br\/index.php?rest_route=%2Fwp%2Fv2%2Ftags&post=212615"}],"curies":[{"name":"wp","href":"https:\/\/api.w.org\/{rel}","templated":true}]}}