{"id":212493,"date":"2023-04-11T19:24:16","date_gmt":"2023-04-11T22:24:16","guid":{"rendered":"https:\/\/diarioregionaldigital.com.br\/?p=212493"},"modified":"2023-04-11T19:24:16","modified_gmt":"2023-04-11T22:24:16","slug":"ajuda-a-classe-media-beneficiara-economia-diz-alexandre-padilha","status":"publish","type":"post","link":"https:\/\/diarioregionaldigital.com.br\/?p=212493","title":{"rendered":"Ajuda \u00e0 classe m\u00e9dia beneficiar\u00e1 economia, diz Alexandre Padilha"},"content":{"rendered":"<p>O ministro de Rela\u00e7\u00f5es Institucionais, Alexandre Padilha, disse que a classe m\u00e9dia ter\u00e1 papel relevante para fazer a roda da economia girar. A ideia \u00e9 ampliar os segmentos beneficiados por programas como o Minha Casa Minha Vida, que resultam diretamente na gera\u00e7\u00e3o de empregos e aumentam a produ\u00e7\u00e3o industrial e de equipamentos, afirmou o ministro, ao participar do programa\u00a0<em>Sem Censura<\/em>, veiculado na segunda-feira (10) pela\u00a0<strong>TV Brasil<\/strong>.<\/p>\n<p>\u201cO presidente Lula tem manifestado preocupa\u00e7\u00e3o com a classe m\u00e9dia. Por isso, o Minha Casa Minha Vida n\u00e3o \u00e9 apenas para quem ganha at\u00e9 um sal\u00e1rio m\u00ednimo, mas tamb\u00e9m para os que ganham entre 5 e 10 sal\u00e1rios m\u00ednimos\u201d, disse Padilha.<\/p>\n<p>Segundo o ministro, os investimentos feitos no programa geram emprego e aumentam tanto a produ\u00e7\u00e3o industrial quanto a de equipamentos. \u201cE, ao girar a economia, melhora a vida e d\u00e1 oportunidades\u201d, acrescentou. Padilha estima que a retomada do Minha Casa Minha Vida resultar\u00e1 na constru\u00e7\u00e3o de mais de 2 milh\u00f5es de casas.<\/p>\n<p>Ele ressaltou que tamb\u00e9m est\u00e1 no horizonte do governo federal beneficiar a classe m\u00e9dia por meio da ajuda a empresas de menor porte, que t\u00eam grande potencial para gerar empregos. \u201cLula est\u00e1 com foco muito claro no tema cr\u00e9dito para micro e pequenas empresas\u201d, acrescentou Padilha, referindo-se a medidas como o novo Pronamp, linha de cr\u00e9dito para empresas desses portes.<\/p>\n<h2>Conselh\u00e3o<\/h2>\n<p>Ao falar sobre a recria\u00e7\u00e3o do Conselho de Desenvolvimento Econ\u00f4mico Social e Sustent\u00e1vel, o Conselh\u00e3o, prevista para 4 de maio, Padilha destacou que o presidente Lula pretende dialogar com o conjunto da sociedade.<\/p>\n<p>Segundo o ministro, o Conselh\u00e3o ser\u00e1 um \u201cespa\u00e7o de muita diversidade de opini\u00f5es\u201d, com o objetivo de auxiliar o governo na defini\u00e7\u00e3o de novas pol\u00edticas. O Conselh\u00e3o ter\u00e1 empres\u00e1rios e empreendedores de diferentes portes e formatos entre seus membros, \u201cexatamente para dialogar com esse p\u00fablico, que \u00e9 muito importante para o motor do pa\u00eds\u201d.<\/p>\n<p>De acordo com Padilha, a classe m\u00e9dia ser\u00e1 tamb\u00e9m beneficiada pela retomada do programa Mais M\u00e9dicos e pelo reajuste de bolsas de pesquisa e resid\u00eancias m\u00e9dicas. \u201cTudo dialoga com esse p\u00fablico e com filhos desse p\u00fablico\u201d, afirmou.<\/p>\n<h2>Feitos<\/h2>\n<p>Padilha disse que alguns \u201cfeitos\u201d merecem ser destacados nos primeiros 100 dias de governo, entre os quais, a capacidade de lideran\u00e7a e articula\u00e7\u00e3o do presidente e o fato de o Brasil \u201cvoltar a ser reconhecido e respeitado\u201d no mundo, o que torna poss\u00edvel a amplia\u00e7\u00e3o de rela\u00e7\u00f5es comerciais e de coopera\u00e7\u00e3o com outros pa\u00edses.<\/p>\n<p>O ministro mencionou ainda o fato de o pa\u00eds \u201cvoltar a ter um presidente que cuida de seu povo\u201d e a cria\u00e7\u00e3o de \u201cum ambiente de estabilidade econ\u00f4mica acompanhado de seguran\u00e7a para quem quer investir\u201d. Padilha ressaltou, por\u00e9m, que sustentar esses quatro feitos \u00e9 o grande desafio e lembrou que, nos primeiros 100 dias de governo, Lula dedicou-se a recriar programas que haviam sido abandonados pelo governo anterior. \u201cSempre com um olhar para a popula\u00e7\u00e3o mais pobre, para as pessoas que mais precisam.\u201d<\/p>\n<p>Padilha acrescentou que, nos primeiros 100 dias, o governo conseguiu garantir, al\u00e9m dos R$ 600 mensais para as fam\u00edlias, mais R$ 150 para fam\u00edlias com crian\u00e7as de at\u00e9 6 anos e R$ 50 para gestantes e para crian\u00e7a de 7 a 17 anos de idade. O ministro tamb\u00e9m o \u201creajuste de mais de 40%\u201d para a alimenta\u00e7\u00e3o escolar, e a aprova\u00e7\u00e3o, por meio de articula\u00e7\u00f5es feitas antes da posse \u2013 da PEC da Emerg\u00eancia Social, que garantiu recursos adicionais fora do chamado teto de gastos.<\/p>\n<h2>Di\u00e1logos<\/h2>\n<p>Perguntado sobre a possibilidade de a aproxima\u00e7\u00e3o com parlamentares do chamado \u201cCentr\u00e3o\u201d representar o retorno da pol\u00edtica do \u201ctoma l\u00e1 d\u00e1 c\u00e1\u201d, Padilha disse o que o governo est\u00e1 sempre buscando ampliar di\u00e1logos e que a rela\u00e7\u00e3o com os 17 partidos que indicaram nomes para o governo \u00e9 \u201cintensa\u201d, respeitosa e bem-sucedida.<\/p>\n<p>\u201cSempre digo que os temas cruciais do governo n\u00e3o s\u00e3o temas de base e oposi\u00e7\u00e3o. Por isso, acho que temos um ambiente muito positivo no Congresso, inclusive para aprovar o novo marco fiscal e a nova reforma tribut\u00e1ria. Temos di\u00e1logo at\u00e9 mesmo com partidos que se declaram de oposi\u00e7\u00e3o, mas est\u00e3o dispostos a caminhar, dialogar e votar nesses projetos\u201d, enfatizou.<\/p>\n<p>De acordo com Padilha, as negocia\u00e7\u00f5es com o Congresso Nacional seguem as mesmas bases de di\u00e1logos praticadas nas principais democracias e que o governo conseguiu votar \u201ctudo que quis votar\u201d nesses 100 dias.<\/p>\n<p>\u201cAprovamos 13 MPs [medidas provis\u00f3rias] do governo anterior, ap\u00f3s algumas mudan\u00e7as que as melhoraram. Melhoramos o programa de combate ao ass\u00e9dio infantil nas escolas, uma MP que a gente construiu. Melhoramos o Pronampe [Programa Nacional de Apoio \u00e0s Microempresas e Empresas de Pequeno Porte] e aprovamos o pacote de defesa do direito das mulheres. Conseguimos [na C\u00e2mara e no Senado] compor comiss\u00f5es, garantindo que os presidentes das principais comiss\u00f5es estejam com aliados do governo\u201d, disse.<\/p>\n<h2>Arcabou\u00e7o fiscal<\/h2>\n<p>Padilha acrescentou que o governo agora est\u00e1 concentrado no di\u00e1logo do marco fiscal, uma regra que estabelece claramente como que ser\u00e3o garantidos os investimentos em sa\u00fade, educa\u00e7\u00e3o e moradia, \u201csem cometer irresponsabilidade fiscal\u201d. Para o ministro, trata-se de uma regra que \u201cultrapassa o governo Lula e sinaliza para quem quer investir que h\u00e1 uma regra est\u00e1vel para al\u00e9m do atual governo\u201d.<\/p>\n<p>De acordo com Padilha, o novo arcabou\u00e7o fiscal pode ser votado ainda no primeiro semestre. \u201cVamos trabalhar para que seja votado o mais r\u00e1pido poss\u00edvel por dois motivos: primeiro, porque \u00e9 importante o projeto j\u00e1 estar aprovado antes de encaminharmos o or\u00e7amento ao Congresso Nacional. Al\u00e9m disso, \u00e9 um projeto que sinaliza aos atores econ\u00f4micos que o governo far\u00e1 de novo o que foi feito nos mandatos anteriores de Lula, que \u00e9 a combina\u00e7\u00e3o da responsabilidade social com a responsabilidade fiscal\u201d, disse o ministro, ao destacar que, aprovado, o arcabou\u00e7o facilitar\u00e1 tamb\u00e9m a redu\u00e7\u00e3o da taxa de juros.<\/p>\n<h2>Banco Central<\/h2>\n<p>Durante o programa, Padilha criticou a demora do Banco Central (BC) em baixar a taxa de juros. \u201cO que o presidente Lula faz \u00e9 expressar algo que ouve de empres\u00e1rios e economistas: o juro hoje no Brasil \u00e9 desproporcional, quando se compara com outros pa\u00edses. Obviamente, com a aprova\u00e7\u00e3o do marco fiscal, refor\u00e7a-se ainda mais um ambiente de seguran\u00e7a para os atores econ\u00f4micos.\u201d<\/p>\n<p>Padilha assegurou que negou que o governo esteja cogitando mudan\u00e7as na lei que estabelece a autonomia do BC, de forma a possibilitar a demiss\u00e3o do presidente Roberto Campos Neto. \u201cA rela\u00e7\u00e3o com o BC \u00e9 institucional\u201d, afirmou o ministro.<\/p>\n<p>Ele disse que a lei da autonomia do BC estabelece quatro objetivos: fomentar o pleno emprego, garantir estabilidade econ\u00f4mica, suavizar flutua\u00e7\u00f5es econ\u00f4micas e assegurar a efetividade do sistema financeiro. \u201cH\u00e1, ali, um marco institucional, e a rela\u00e7\u00e3o de avalia\u00e7\u00e3o e de cobran\u00e7a, que o pr\u00f3prio Congresso Nacional deve fazer\u201d, explicou.<\/p>\n<p>\u201cO debate que est\u00e1 acontecendo \u00e9 um debate natural, que ocorre nas principais democracias. Inclusive em pa\u00edses que t\u00eam autoridades monet\u00e1rias com algum grau de autonomia, onde os presidentes de tais institui\u00e7\u00f5es v\u00e3o ao Parlamento para prestar contas e apresentar suas justificativas. Debater \u00e9 natural\u201d, afirmou.<\/p>\n<p><span style=\"font-weight: 400;\">Fonte: Ag\u00eancia Brasil<\/span><\/p>\n","protected":false},"excerpt":{"rendered":"<p>O ministro de Rela\u00e7\u00f5es Institucionais, Alexandre Padilha, disse que a classe m\u00e9dia ter\u00e1 papel relevante para fazer a roda da economia girar. A ideia \u00e9 ampliar os segmentos beneficiados por programas como o Minha Casa Minha Vida, que resultam diretamente na gera\u00e7\u00e3o de empregos e aumentam a produ\u00e7\u00e3o industrial e de equipamentos, afirmou o ministro, [&hellip;]<\/p>\n","protected":false},"author":246,"featured_media":212494,"comment_status":"closed","ping_status":"closed","sticky":false,"template":"","format":"standard","meta":{"footnotes":""},"categories":[436,254,439],"tags":[],"class_list":["post-212493","post","type-post","status-publish","format-standard","has-post-thumbnail","hentry","category-destaque-da-semana","category-politica","category-ultima-hora"],"_links":{"self":[{"href":"https:\/\/diarioregionaldigital.com.br\/index.php?rest_route=\/wp\/v2\/posts\/212493","targetHints":{"allow":["GET"]}}],"collection":[{"href":"https:\/\/diarioregionaldigital.com.br\/index.php?rest_route=\/wp\/v2\/posts"}],"about":[{"href":"https:\/\/diarioregionaldigital.com.br\/index.php?rest_route=\/wp\/v2\/types\/post"}],"author":[{"embeddable":true,"href":"https:\/\/diarioregionaldigital.com.br\/index.php?rest_route=\/wp\/v2\/users\/246"}],"replies":[{"embeddable":true,"href":"https:\/\/diarioregionaldigital.com.br\/index.php?rest_route=%2Fwp%2Fv2%2Fcomments&post=212493"}],"version-history":[{"count":1,"href":"https:\/\/diarioregionaldigital.com.br\/index.php?rest_route=\/wp\/v2\/posts\/212493\/revisions"}],"predecessor-version":[{"id":212495,"href":"https:\/\/diarioregionaldigital.com.br\/index.php?rest_route=\/wp\/v2\/posts\/212493\/revisions\/212495"}],"wp:featuredmedia":[{"embeddable":true,"href":"https:\/\/diarioregionaldigital.com.br\/index.php?rest_route=\/wp\/v2\/media\/212494"}],"wp:attachment":[{"href":"https:\/\/diarioregionaldigital.com.br\/index.php?rest_route=%2Fwp%2Fv2%2Fmedia&parent=212493"}],"wp:term":[{"taxonomy":"category","embeddable":true,"href":"https:\/\/diarioregionaldigital.com.br\/index.php?rest_route=%2Fwp%2Fv2%2Fcategories&post=212493"},{"taxonomy":"post_tag","embeddable":true,"href":"https:\/\/diarioregionaldigital.com.br\/index.php?rest_route=%2Fwp%2Fv2%2Ftags&post=212493"}],"curies":[{"name":"wp","href":"https:\/\/api.w.org\/{rel}","templated":true}]}}