{"id":212481,"date":"2023-04-11T18:41:38","date_gmt":"2023-04-11T21:41:38","guid":{"rendered":"https:\/\/diarioregionaldigital.com.br\/?p=212481"},"modified":"2023-04-11T18:41:38","modified_gmt":"2023-04-11T21:41:38","slug":"inflacao-oficial-sobe-071-em-marco-diz-ibge","status":"publish","type":"post","link":"https:\/\/diarioregionaldigital.com.br\/?p=212481","title":{"rendered":"Infla\u00e7\u00e3o oficial sobe 0,71% em mar\u00e7o, diz IBGE"},"content":{"rendered":"<p>O \u00cdndice Nacional de Pre\u00e7os ao Consumidor Amplo (IPCA), que apura a infla\u00e7\u00e3o oficial do pa\u00eds, subiu 0,71% em mar\u00e7o, desacelerando em rela\u00e7\u00e3o a fevereiro, quando houve alta de 0,84%.\u00a0Em mar\u00e7o de 2022, o \u00edndice tinha subido 1,62%.<\/p>\n<p>O\u00a0maior impacto (0,43 ponto percentual &#8211; pp) e maior varia\u00e7\u00e3o (2,11%)\u00a0no \u00edndice\u00a0partiram do grupo Transportes, no m\u00eas passado.<\/p>\n<p>Com alta de 8,33%, a gasolina\u00a0representou o\u00a0maior impacto individual no \u00edndice de mar\u00e7o (0,39 pp)\u00a0e\u00a0teve grande peso\u00a0no comportamento do grupo. O etanol avan\u00e7ou 3,20%. Os dados foram divulgados hoje (11) pelo\u00a0Instituto Brasileiro de Geografia e Estat\u00edstica (IBGE).<\/p>\n<p>Para\u00a0o analista da pesquisa, Andr\u00e9 Almeida,\u00a0a volta da cobran\u00e7a dos impostos federais no in\u00edcio daquele m\u00eas foi o motivo da eleva\u00e7\u00e3o da gasolina e do etanol.\u00a0\u201cOs resultados da gasolina e do etanol foram influenciados principalmente pelo retorno da cobran\u00e7a de impostos federais no in\u00edcio do m\u00eas, estabelecido pela Medida Provis\u00f3ria n\u00ba 1157\/2023. Havia, portanto, a previs\u00e3o do retorno da cobran\u00e7a de PIS\/Cofins sobre esses combust\u00edveis a partir de 1\u00ba de mar\u00e7o\u201d,\u00a0disse.<\/p>\n<p>Ainda no grupo transportes, o g\u00e1s veicular registrou queda de 2,61% e \u00f3leo diesel, de 3,71%. As passagens a\u00e9reas, que haviam recuado 9,38% em fevereiro, ca\u00edram 5,32% desta vez. Reajustes em tarifas de t\u00e1xi em Belo Horizonte, em \u00f4nibus intermunicipal na regi\u00e3o metropolitana do Rio de Janeiro, al\u00e9m de \u00f4nibus urbano em quatro \u00e1reas de abrang\u00eancia do \u00edndice, tamb\u00e9m influenciaram em Transportes.<\/p>\n<h2>Acumulado<\/h2>\n<p>No ano, o IPCA acumula eleva\u00e7\u00e3o de 2,09% e, nos \u00faltimos 12 meses, de 4,65%, percentual menor do que os 5,60% registrados no per\u00edodo\u00a0imediatamente anterior. Esse foi\u00a0o menor IPCA em 12 meses desde janeiro de 2021.<\/p>\n<h2>Outros grupos<\/h2>\n<p>Na sequ\u00eancia de altas, ficaram sa\u00fade e cuidados pessoais (0,82%) e habita\u00e7\u00e3o (0,57%). Nos dois casos foram observadas\u00a0desacelera\u00e7\u00f5es em rela\u00e7\u00e3o a fevereiro, contribuindo com 0,11 pp e 0,09 pp, respectivamente. O grupo sa\u00fade e cuidados pessoais foi pressionado, especialmente, pelo avan\u00e7o de 1,20% do plano de sa\u00fade, que permanece incorporando as fra\u00e7\u00f5es mensais dos planos novos e antigos referentes ao ciclo de 2022-2023. J\u00e1 no grupo habita\u00e7\u00e3o, o maior impacto (0,09 pp) partiu da energia el\u00e9trica residencial, que subiu 2,23%.<\/p>\n<p>A queda da alimenta\u00e7\u00e3o no domic\u00edlio, que saiu da alta de 0,04% em fevereiro para o recuo de 0,14% em mar\u00e7o, foi a causa do aumento de 0,05% em alimenta\u00e7\u00e3o e bebidas. Outro grupo que teve aumento (0,50%) foi o de comunica\u00e7\u00e3o. Em movimento contr\u00e1rio, o grupo artigos de resid\u00eancia, que caiu 0,27% depois de alta de 0,11% em fevereiro, foi o \u00fanico pesquisado a registrar queda neste m\u00eas.<\/p>\n<p>As varia\u00e7\u00f5es negativas em mar\u00e7o, nos itens de televis\u00e3o, som e inform\u00e1tica (-1,77%) foram as principais respons\u00e1veis pelo comportamento do grupo. \u201cAs promo\u00e7\u00f5es realizadas durante a semana do consumidor, ocorrida em mar\u00e7o, podem ter influenciado\u201d, relatou\u00a0o analista.<\/p>\n<h2>Regi\u00f5es<\/h2>\n<p>Nos \u00edndices regionais, todas as \u00e1reas avan\u00e7aram em mar\u00e7o, sendo que a maior varia\u00e7\u00e3o foi registrada em Porto Alegre (1,25%). A causa foram as altas da gasolina (10,63%) e da energia el\u00e9trica residencial (9,79%). Fortaleza, com alta de 0,35%, foi a menor varia\u00e7\u00e3o no m\u00eas, com quedas de 17,94% no\u00a0pre\u00e7o\u00a0do\u00a0tomate e de 2,91% no\u00a0frango inteiro.<\/p>\n<h2>Pesquisa<\/h2>\n<p>De acordo com o IBGE, o IPCA \u00e9 calculado com base nas fam\u00edlias com rendimentos de 1 a 40 sal\u00e1rios m\u00ednimos, residentes nas regi\u00f5es metropolitanas de Bel\u00e9m, Fortaleza, Recife, Salvador, Belo Horizonte, Vit\u00f3ria, Rio de Janeiro, S\u00e3o Paulo, Curitiba, Porto Alegre, al\u00e9m do Distrito Federal e dos munic\u00edpios de Goi\u00e2nia, Campo Grande, Rio Branco, S\u00e3o Lu\u00eds e Aracaju.<\/p>\n<p><span style=\"font-weight: 400;\">Fonte: Ag\u00eancia Brasil <\/span><\/p>\n","protected":false},"excerpt":{"rendered":"<p>O \u00cdndice Nacional de Pre\u00e7os ao Consumidor Amplo (IPCA), que apura a infla\u00e7\u00e3o oficial do pa\u00eds, subiu 0,71% em mar\u00e7o, desacelerando em rela\u00e7\u00e3o a fevereiro, quando houve alta de 0,84%.\u00a0Em mar\u00e7o de 2022, o \u00edndice tinha subido 1,62%. O\u00a0maior impacto (0,43 ponto percentual &#8211; pp) e maior varia\u00e7\u00e3o (2,11%)\u00a0no \u00edndice\u00a0partiram do grupo Transportes, no m\u00eas [&hellip;]<\/p>\n","protected":false},"author":246,"featured_media":212482,"comment_status":"closed","ping_status":"closed","sticky":false,"template":"","format":"standard","meta":{"footnotes":""},"categories":[436,261,439],"tags":[],"class_list":["post-212481","post","type-post","status-publish","format-standard","has-post-thumbnail","hentry","category-destaque-da-semana","category-economia","category-ultima-hora"],"_links":{"self":[{"href":"https:\/\/diarioregionaldigital.com.br\/index.php?rest_route=\/wp\/v2\/posts\/212481","targetHints":{"allow":["GET"]}}],"collection":[{"href":"https:\/\/diarioregionaldigital.com.br\/index.php?rest_route=\/wp\/v2\/posts"}],"about":[{"href":"https:\/\/diarioregionaldigital.com.br\/index.php?rest_route=\/wp\/v2\/types\/post"}],"author":[{"embeddable":true,"href":"https:\/\/diarioregionaldigital.com.br\/index.php?rest_route=\/wp\/v2\/users\/246"}],"replies":[{"embeddable":true,"href":"https:\/\/diarioregionaldigital.com.br\/index.php?rest_route=%2Fwp%2Fv2%2Fcomments&post=212481"}],"version-history":[{"count":1,"href":"https:\/\/diarioregionaldigital.com.br\/index.php?rest_route=\/wp\/v2\/posts\/212481\/revisions"}],"predecessor-version":[{"id":212483,"href":"https:\/\/diarioregionaldigital.com.br\/index.php?rest_route=\/wp\/v2\/posts\/212481\/revisions\/212483"}],"wp:featuredmedia":[{"embeddable":true,"href":"https:\/\/diarioregionaldigital.com.br\/index.php?rest_route=\/wp\/v2\/media\/212482"}],"wp:attachment":[{"href":"https:\/\/diarioregionaldigital.com.br\/index.php?rest_route=%2Fwp%2Fv2%2Fmedia&parent=212481"}],"wp:term":[{"taxonomy":"category","embeddable":true,"href":"https:\/\/diarioregionaldigital.com.br\/index.php?rest_route=%2Fwp%2Fv2%2Fcategories&post=212481"},{"taxonomy":"post_tag","embeddable":true,"href":"https:\/\/diarioregionaldigital.com.br\/index.php?rest_route=%2Fwp%2Fv2%2Ftags&post=212481"}],"curies":[{"name":"wp","href":"https:\/\/api.w.org\/{rel}","templated":true}]}}