{"id":212467,"date":"2023-04-11T00:13:11","date_gmt":"2023-04-11T03:13:11","guid":{"rendered":"https:\/\/diarioregionaldigital.com.br\/?p=212467"},"modified":"2023-04-11T00:13:11","modified_gmt":"2023-04-11T03:13:11","slug":"policia-militar-lanca-acao-preventiva-nas-escolas","status":"publish","type":"post","link":"https:\/\/diarioregionaldigital.com.br\/?p=212467","title":{"rendered":"Pol\u00edcia Militar lan\u00e7a a\u00e7\u00e3o preventiva nas escolas"},"content":{"rendered":"<p>A Pol\u00edcia Militar de Minas Gerais implementa, a partir desta segunda-feira, 10, a Opera\u00e7\u00e3o de Prote\u00e7\u00e3o Escolar, em todos os 853 munic\u00edpios, tendo como objetivo principal proteger o ambiente escolar, garantindo a seguran\u00e7a e o bem estar dos estudantes, professores e demais profissionais da educa\u00e7\u00e3o. O lan\u00e7amento da opera\u00e7\u00e3o, por meio das Unidades de Execu\u00e7\u00e3o Operacional da PMMG, a exemplo dos batalh\u00f5es e companhias independentes da 4\u00aa Regi\u00e3o de Pol\u00edcia Militar, busca garantia da seguran\u00e7a no ambiente escolar, atributo essencial para o desenvolvimento educacional e social dos jovens. A opera\u00e7\u00e3o conta com um conjunto de a\u00e7\u00f5es integradas que visam combater a viol\u00eancia e a criminalidade nas proximidades e no interior dos educand\u00e1rios, bem como proteger a comunidade escolar em seu cotidiano.<\/p>\n","protected":false},"excerpt":{"rendered":"<p>A Pol\u00edcia Militar de Minas Gerais implementa, a partir desta segunda-feira, 10, a Opera\u00e7\u00e3o de Prote\u00e7\u00e3o Escolar, em todos os 853 munic\u00edpios, tendo como objetivo principal proteger o ambiente escolar, garantindo a seguran\u00e7a e o bem estar dos estudantes, professores e demais profissionais da educa\u00e7\u00e3o. O lan\u00e7amento da opera\u00e7\u00e3o, por meio das Unidades de Execu\u00e7\u00e3o [&hellip;]<\/p>\n","protected":false},"author":246,"featured_media":212468,"comment_status":"closed","ping_status":"closed","sticky":false,"template":"","format":"standard","meta":{"footnotes":""},"categories":[301,439],"tags":[],"class_list":["post-212467","post","type-post","status-publish","format-standard","has-post-thumbnail","hentry","category-artigos-policiais","category-ultima-hora"],"_links":{"self":[{"href":"https:\/\/diarioregionaldigital.com.br\/index.php?rest_route=\/wp\/v2\/posts\/212467","targetHints":{"allow":["GET"]}}],"collection":[{"href":"https:\/\/diarioregionaldigital.com.br\/index.php?rest_route=\/wp\/v2\/posts"}],"about":[{"href":"https:\/\/diarioregionaldigital.com.br\/index.php?rest_route=\/wp\/v2\/types\/post"}],"author":[{"embeddable":true,"href":"https:\/\/diarioregionaldigital.com.br\/index.php?rest_route=\/wp\/v2\/users\/246"}],"replies":[{"embeddable":true,"href":"https:\/\/diarioregionaldigital.com.br\/index.php?rest_route=%2Fwp%2Fv2%2Fcomments&post=212467"}],"version-history":[{"count":1,"href":"https:\/\/diarioregionaldigital.com.br\/index.php?rest_route=\/wp\/v2\/posts\/212467\/revisions"}],"predecessor-version":[{"id":212469,"href":"https:\/\/diarioregionaldigital.com.br\/index.php?rest_route=\/wp\/v2\/posts\/212467\/revisions\/212469"}],"wp:featuredmedia":[{"embeddable":true,"href":"https:\/\/diarioregionaldigital.com.br\/index.php?rest_route=\/wp\/v2\/media\/212468"}],"wp:attachment":[{"href":"https:\/\/diarioregionaldigital.com.br\/index.php?rest_route=%2Fwp%2Fv2%2Fmedia&parent=212467"}],"wp:term":[{"taxonomy":"category","embeddable":true,"href":"https:\/\/diarioregionaldigital.com.br\/index.php?rest_route=%2Fwp%2Fv2%2Fcategories&post=212467"},{"taxonomy":"post_tag","embeddable":true,"href":"https:\/\/diarioregionaldigital.com.br\/index.php?rest_route=%2Fwp%2Fv2%2Ftags&post=212467"}],"curies":[{"name":"wp","href":"https:\/\/api.w.org\/{rel}","templated":true}]}}