{"id":212440,"date":"2023-04-10T23:37:17","date_gmt":"2023-04-11T02:37:17","guid":{"rendered":"https:\/\/diarioregionaldigital.com.br\/?p=212440"},"modified":"2023-04-10T23:37:17","modified_gmt":"2023-04-11T02:37:17","slug":"mp-reitera-pedido-para-condenar-reus-por-tentar-explodir-bomba-no-df","status":"publish","type":"post","link":"https:\/\/diarioregionaldigital.com.br\/?p=212440","title":{"rendered":"MP reitera pedido para condenar r\u00e9us por tentar explodir bomba no DF"},"content":{"rendered":"<p>O Minist\u00e9rio P\u00fablico do Distrito Federal e Territ\u00f3rios (MPDFT) reiterou hoje (10) pedido de condena\u00e7\u00e3o de tr\u00eas acusados de participar da tentativa de explos\u00e3o de uma bomba pr\u00f3ximo ao Aeroporto Internacional de Bras\u00edlia na v\u00e9spera do Natal de 2022.<\/p>\n<p>A manifesta\u00e7\u00e3o foi apresentada em alega\u00e7\u00f5es finais anexadas ao processo. A partir de agora, caber\u00e1 ao juiz do caso proferir a senten\u00e7a, que n\u00e3o tem data para ser publicada.<\/p>\n<p>Na pe\u00e7a, a promotoria defende a condena\u00e7\u00e3o do empres\u00e1rio George Washington de Oliveira Sousa, o jornalista Wellington Macedo de Souza e Alan Diego dos Santos Rodrigues pelos crimes de porte ilegal de armas e muni\u00e7\u00f5es.<\/p>\n<p>Al\u00e9m disso, eles s\u00e3o acusados de colocar em risco a vida, a integridade f\u00edsica e o patrim\u00f4nio de outras pessoas por meio de explos\u00e3o.<\/p>\n<p>A reportagem da\u00a0<strong>Ag\u00eancia Brasil\u00a0<\/strong>n\u00e3o conseguiu contato com a defesa dos acusados.<\/p>\n<p><span style=\"font-weight: 400;\">Fonte: Ag\u00eancia Brasil <\/span><\/p>\n","protected":false},"excerpt":{"rendered":"<p>O Minist\u00e9rio P\u00fablico do Distrito Federal e Territ\u00f3rios (MPDFT) reiterou hoje (10) pedido de condena\u00e7\u00e3o de tr\u00eas acusados de participar da tentativa de explos\u00e3o de uma bomba pr\u00f3ximo ao Aeroporto Internacional de Bras\u00edlia na v\u00e9spera do Natal de 2022. A manifesta\u00e7\u00e3o foi apresentada em alega\u00e7\u00f5es finais anexadas ao processo. A partir de agora, caber\u00e1 ao [&hellip;]<\/p>\n","protected":false},"author":246,"featured_media":212441,"comment_status":"closed","ping_status":"closed","sticky":false,"template":"","format":"standard","meta":{"footnotes":""},"categories":[436,254,439],"tags":[],"class_list":["post-212440","post","type-post","status-publish","format-standard","has-post-thumbnail","hentry","category-destaque-da-semana","category-politica","category-ultima-hora"],"_links":{"self":[{"href":"https:\/\/diarioregionaldigital.com.br\/index.php?rest_route=\/wp\/v2\/posts\/212440","targetHints":{"allow":["GET"]}}],"collection":[{"href":"https:\/\/diarioregionaldigital.com.br\/index.php?rest_route=\/wp\/v2\/posts"}],"about":[{"href":"https:\/\/diarioregionaldigital.com.br\/index.php?rest_route=\/wp\/v2\/types\/post"}],"author":[{"embeddable":true,"href":"https:\/\/diarioregionaldigital.com.br\/index.php?rest_route=\/wp\/v2\/users\/246"}],"replies":[{"embeddable":true,"href":"https:\/\/diarioregionaldigital.com.br\/index.php?rest_route=%2Fwp%2Fv2%2Fcomments&post=212440"}],"version-history":[{"count":1,"href":"https:\/\/diarioregionaldigital.com.br\/index.php?rest_route=\/wp\/v2\/posts\/212440\/revisions"}],"predecessor-version":[{"id":212442,"href":"https:\/\/diarioregionaldigital.com.br\/index.php?rest_route=\/wp\/v2\/posts\/212440\/revisions\/212442"}],"wp:featuredmedia":[{"embeddable":true,"href":"https:\/\/diarioregionaldigital.com.br\/index.php?rest_route=\/wp\/v2\/media\/212441"}],"wp:attachment":[{"href":"https:\/\/diarioregionaldigital.com.br\/index.php?rest_route=%2Fwp%2Fv2%2Fmedia&parent=212440"}],"wp:term":[{"taxonomy":"category","embeddable":true,"href":"https:\/\/diarioregionaldigital.com.br\/index.php?rest_route=%2Fwp%2Fv2%2Fcategories&post=212440"},{"taxonomy":"post_tag","embeddable":true,"href":"https:\/\/diarioregionaldigital.com.br\/index.php?rest_route=%2Fwp%2Fv2%2Ftags&post=212440"}],"curies":[{"name":"wp","href":"https:\/\/api.w.org\/{rel}","templated":true}]}}