{"id":212437,"date":"2023-04-10T23:35:22","date_gmt":"2023-04-11T02:35:22","guid":{"rendered":"https:\/\/diarioregionaldigital.com.br\/?p=212437"},"modified":"2023-04-10T23:35:22","modified_gmt":"2023-04-11T02:35:22","slug":"defesa-pede-a-ministro-do-supremo-liberdade-para-anderson-torres","status":"publish","type":"post","link":"https:\/\/diarioregionaldigital.com.br\/?p=212437","title":{"rendered":"Defesa pede a ministro do Supremo liberdade para Anderson Torres"},"content":{"rendered":"<p>A defesa do ex-ministro da Justi\u00e7a Anderson Torres pediu, nesta segunda-feira (10), a revoga\u00e7\u00e3o da pris\u00e3o dele. Em peti\u00e7\u00e3o enviada ao ministro Alexandre de Moraes, do Supremo Tribunal Federal (STF), relator do caso, os advogados afirmam que Torres n\u00e3o oferece risco \u00e0s investiga\u00e7\u00f5es e pedem que a pris\u00e3o seja substitu\u00edda por medidas cautelares.<\/p>\n<p>Torres est\u00e1 preso desde 14 de janeiro em fun\u00e7\u00e3o das investiga\u00e7\u00f5es sobre os atos golpistas ocorridos no dia 8 daquele m\u00eas. Na ocasi\u00e3o, Torres estava \u00e0 frente da Secretaria de\u00a0Seguran\u00e7a do Distrito Federal. O inqu\u00e9rito no STF apura suposta omiss\u00e3o na conten\u00e7\u00e3o dos atos.<\/p>\n<p>Para os advogados, Torres pode deixar a pris\u00e3o por n\u00e3o oferecer riscos \u00e0 apura\u00e7\u00e3o do inqu\u00e9rito.<\/p>\n<p>\u201cCompulsando as dilig\u00eancias (algumas, inclusive, j\u00e1 foram conclu\u00eddas, a exemplo da an\u00e1lise papilosc\u00f3pica da minuta de decreto), infere-se ser imposs\u00edvel que o requerente, caso posto em liberdade, consiga obstaculizar o regular prosseguimento das investiga\u00e7\u00f5es, raz\u00e3o por que n\u00e3o se justifica a manuten\u00e7\u00e3o de sua cust\u00f3dia sob o p\u00e1lio da necessidade de conveni\u00eancia da instru\u00e7\u00e3o criminal\u201d, sustenta a defesa.<\/p>\n<p>No pedido de soltura, a defesa tamb\u00e9m citou a situa\u00e7\u00e3o da fam\u00edlia de Anderson Torres.<\/p>\n<p>\u201cAp\u00f3s a decreta\u00e7\u00e3o da cust\u00f3dia cautelar do requerente, suas filhas, infelizmente, passaram a receber acompanhamento psicol\u00f3gico, com preju\u00edzo de frequentarem regularmente a escola. Acres\u00e7a-se a isso o fato de a genitora do requerente estar tratando um c\u00e2ncer. O postulante, de seu turno, ao passo que n\u00e3o v\u00ea as filhas desde a sua pris\u00e3o preventiva, entrou em um estado de tristeza profunda, chora constantemente, mal se alimenta e j\u00e1 perdeu 12 quilos\u201d, afirmam os advogados.<\/p>\n<p>N\u00e3o h\u00e1 prazo para decis\u00e3o de Alexandre de Moraes sobre a quest\u00e3o.<\/p>\n<p><span style=\"font-weight: 400;\">Fonte: Ag\u00eancia Brasil <\/span><\/p>\n","protected":false},"excerpt":{"rendered":"<p>A defesa do ex-ministro da Justi\u00e7a Anderson Torres pediu, nesta segunda-feira (10), a revoga\u00e7\u00e3o da pris\u00e3o dele. Em peti\u00e7\u00e3o enviada ao ministro Alexandre de Moraes, do Supremo Tribunal Federal (STF), relator do caso, os advogados afirmam que Torres n\u00e3o oferece risco \u00e0s investiga\u00e7\u00f5es e pedem que a pris\u00e3o seja substitu\u00edda por medidas cautelares. Torres est\u00e1 [&hellip;]<\/p>\n","protected":false},"author":246,"featured_media":212438,"comment_status":"closed","ping_status":"closed","sticky":false,"template":"","format":"standard","meta":{"footnotes":""},"categories":[436,254,439],"tags":[],"class_list":["post-212437","post","type-post","status-publish","format-standard","has-post-thumbnail","hentry","category-destaque-da-semana","category-politica","category-ultima-hora"],"_links":{"self":[{"href":"https:\/\/diarioregionaldigital.com.br\/index.php?rest_route=\/wp\/v2\/posts\/212437","targetHints":{"allow":["GET"]}}],"collection":[{"href":"https:\/\/diarioregionaldigital.com.br\/index.php?rest_route=\/wp\/v2\/posts"}],"about":[{"href":"https:\/\/diarioregionaldigital.com.br\/index.php?rest_route=\/wp\/v2\/types\/post"}],"author":[{"embeddable":true,"href":"https:\/\/diarioregionaldigital.com.br\/index.php?rest_route=\/wp\/v2\/users\/246"}],"replies":[{"embeddable":true,"href":"https:\/\/diarioregionaldigital.com.br\/index.php?rest_route=%2Fwp%2Fv2%2Fcomments&post=212437"}],"version-history":[{"count":1,"href":"https:\/\/diarioregionaldigital.com.br\/index.php?rest_route=\/wp\/v2\/posts\/212437\/revisions"}],"predecessor-version":[{"id":212439,"href":"https:\/\/diarioregionaldigital.com.br\/index.php?rest_route=\/wp\/v2\/posts\/212437\/revisions\/212439"}],"wp:featuredmedia":[{"embeddable":true,"href":"https:\/\/diarioregionaldigital.com.br\/index.php?rest_route=\/wp\/v2\/media\/212438"}],"wp:attachment":[{"href":"https:\/\/diarioregionaldigital.com.br\/index.php?rest_route=%2Fwp%2Fv2%2Fmedia&parent=212437"}],"wp:term":[{"taxonomy":"category","embeddable":true,"href":"https:\/\/diarioregionaldigital.com.br\/index.php?rest_route=%2Fwp%2Fv2%2Fcategories&post=212437"},{"taxonomy":"post_tag","embeddable":true,"href":"https:\/\/diarioregionaldigital.com.br\/index.php?rest_route=%2Fwp%2Fv2%2Ftags&post=212437"}],"curies":[{"name":"wp","href":"https:\/\/api.w.org\/{rel}","templated":true}]}}