{"id":212431,"date":"2023-04-10T23:32:25","date_gmt":"2023-04-11T02:32:25","guid":{"rendered":"https:\/\/diarioregionaldigital.com.br\/?p=212431"},"modified":"2023-04-10T23:32:25","modified_gmt":"2023-04-11T02:32:25","slug":"novo-plano-de-desenvolvimento-tera-seis-eixos-anuncia-presidente","status":"publish","type":"post","link":"https:\/\/diarioregionaldigital.com.br\/?p=212431","title":{"rendered":"Novo plano de desenvolvimento ter\u00e1 seis eixos, anuncia Presidente"},"content":{"rendered":"<p>O presidente Luiz In\u00e1cio Lula da Silva anunciou nesta segunda-feira (10) que o novo plano de investimento em infraestrutura do governo federal, em substitui\u00e7\u00e3o ao Programa de Acelera\u00e7\u00e3o do Crescimento (PAC), ter\u00e1 seis eixos estrat\u00e9gicos: transportes; infraestrutura social; inclus\u00e3o digital e conectividade; infraestrutura urbana; \u00e1gua para todos e transi\u00e7\u00e3o energ\u00e9tica.<\/p>\n<p>Lula fez hoje reuni\u00e3o ministerial para marcar os 100 primeiros dias do seu terceiro mandato. Amanh\u00e3 (11), o presidente viaja para a China.<\/p>\n<p>\u201cRetomamos a capacidade de planejamento de longo prazo. E esse planejamento ser\u00e1 traduzido em um grande programa que traz de volta o papel do setor p\u00fablico como indutor dos investimentos estrat\u00e9gicos em infraestrutura\u201d, disse. \u201cVamos aproveitar a experi\u00eancia que j\u00e1 tivemos com o PAC e os programas de concess\u00e3o para aprimorar esses mecanismos, tornando-os ainda mais eficientes.\u201d<\/p>\n<p>Segundo o presidente, os governos estaduais j\u00e1 enviaram suas listas de obras priorit\u00e1rias, e os minist\u00e9rios est\u00e3o identificando outros investimentos estruturantes. A previs\u00e3o \u00e9 que o novo programa seja anunciado at\u00e9 o in\u00edcio de maio.<\/p>\n<div class=\"dnd-widget-wrapper context-cheio_8colunas type-image\">\n<div class=\"dnd-atom-rendered\">\n<div class=\"shadow overflow-hidden rounded-lg d-block zoom-on-hover-sm shadow-hover w-100\"><img decoding=\"async\" class=\"flex-fill img-cover\" title=\"Fabio Rodrigues-Pozzebom\/ Ag\u00eancia Brasil\" src=\"https:\/\/imagens.ebc.com.br\/2SbGcYyAnaBu6UqzPE24o5b8I_A=\/754x0\/smart\/https:\/\/agenciabrasil.ebc.com.br\/sites\/default\/files\/thumbnails\/image\/pzzb8730.jpg?itok=A5t6RYkJ\" alt=\"Bras\u00edlia (DF) 10\/04\/2023 O presidente Luiz In\u00e1cio Lula da Silva coordena reuni\u00e3o de balan\u00e7o dos 100 dias de governo. Todos os ministros participam do encontro. Foto: Fabio Rodrigues-Pozzebom\/ Ag\u00eancia Brasil\" \/><\/div>\n<\/div>\n<div class=\"dnd-caption-wrapper\">\n<h6 class=\"meta\">O presidente Lula coordena reuni\u00e3o de balan\u00e7o dos 100 dias de governo &#8211;\u00a0<strong>Fabio Rodrigues-Pozzebom\/ Ag\u00eancia Brasil<\/strong><\/h6>\n<\/div>\n<\/div>\n<p>Para Lula, os investimentos p\u00fablicos e privados e o financiamento dos bancos oficiais s\u00e3o fundamentais para o desenvolvimento com inclus\u00e3o social e a sustentabilidade ambiental. A ideia do governo \u00e9 facilitar o cr\u00e9dito a micro, pequenas e m\u00e9dias empresas e cooperativas, al\u00e9m de microcr\u00e9dito para empreendedores individuais.<\/p>\n<blockquote><p>\u201cPrecisamos criar na sociedade a ideia que esses bancos s\u00e3o p\u00fablicos e t\u00eam finalidade diferente dos bancos privados. N\u00e3o queremos que percam dinheiro, mas n\u00e3o podem emprestar dinheiro nas mesmas custas dos bancos particulares\u201d, defendeu.<\/p><\/blockquote>\n<p>Segundo o presidente, o Banco Nacional de Desenvolvimento Econ\u00f4mico e Social (BNDES), por exemplo, j\u00e1 reteve mais recursos para investimentos, que hoje s\u00e3o usados para pagamento de empr\u00e9stimos ao Tesouro Nacional. \u201cTesouro m\u00e3o-de-vaca\u201d, disse Lula. \u201cDinheiro bom n\u00e3o \u00e9 dinheiro guardado em cofre, \u00e9 dinheiro gerando obras, desenvolvimento, gerando empregos, isso que \u00e9 importante\u201d, completou, defendendo a responsabilidade com os gastos.<\/p>\n<h2>Eixos<\/h2>\n<p>No eixo da transi\u00e7\u00e3o energ\u00e9tico, o governo deve lan\u00e7ar editais para contrata\u00e7\u00e3o de energia solar e e\u00f3lica e os leil\u00f5es para novas linhas de transmiss\u00e3o, para \u201ctornar ainda mais r\u00e1pida e atrativa a implanta\u00e7\u00e3o desses parques de energia limpa\u201d.<\/p>\n<p>\u201cE n\u00e3o perderemos a oportunidade de nos tornarmos uma pot\u00eancia global do hidrog\u00eanio verde\u201d, destacou Lula. Segundo ele, a Petrobras financiar\u00e1 a pesquisa para novos combust\u00edveis renov\u00e1veis e, ao mesmo tempo, retomar\u00e1 investimentos na amplia\u00e7\u00e3o da frota de navios da Transpetro. \u201cNunca achei a Petrobras uma empresa de petr\u00f3leo, \u00e9 empresa de energia, historicamente, que mais investiu em pesquisa nesse pa\u00eds, em inova\u00e7\u00e3o. A descoberta do pr\u00e9-sal foi resultado de bilh\u00f5es de investimentos\u201d, disse.<\/p>\n<p>Na inclus\u00e3o digital e conectividade, o objetivo \u00e9 levar internet de alta velocidade para as escolas e para os equipamentos sociais, como postos de sa\u00fade. \u201cEspero ver telemedicina funcionando e que mesmo os mais humildes possam ser assistidos por grandes m\u00e9dicos em grandes centros urbanos\u201d, disse Lula, pedindo \u00e0 ministra da Sa\u00fade, N\u00edsia Trindade, que pense em solu\u00e7\u00f5es para o acesso da popula\u00e7\u00e3o \u00e0 sa\u00fade especializada.<\/p>\n<p>No transporte, segundo o presidente, as ferrovias, rodovias, hidrovias e portos voltar\u00e3o a ser pensadas de modo estruturante. \u201cReduzir\u00e3o o custo do escoamento de nossa produ\u00e7\u00e3o agr\u00edcola. E incentivar\u00e3o o florescimento de uma nova base industrial, mais tecnol\u00f3gica e mais limpa\u201d, disse. \u201cAl\u00e9m disso, vamos equacionar as concess\u00f5es de rodovias e aeroportos que ficaram desequilibradas, retomando os investimentos previstos\u201d, destacou.<\/p>\n<p>No eixo de \u00e1gua para todos, um dos focos \u00e9 a retomada do projeto de integra\u00e7\u00e3o do Rio S\u00e3o Francisco.<\/p>\n<p>Na infraestrutura urbana, Lula pediu aten\u00e7\u00e3o para melhoria das condi\u00e7\u00f5es de habita\u00e7\u00e3o e vida das pessoas que moram em favelas, palafitas e outros locais prec\u00e1rios. \u201cN\u00e3o existe jeito mais degradante de morar do que morar em palafita\u201d, lamentou.<\/p>\n<p>Segundo o presidente, obras de preven\u00e7\u00e3o a desastres causados por cheias e deslizamentos ser\u00e3o tiradas do papel e, com o\u00a0<a href=\"https:\/\/agenciabrasil.ebc.com.br\/politica\/noticia\/2023-04\/governo-revisa-regras-do-saneamento-para-atrair-r-120-bilhoes\" target=\"_blank\" rel=\"noopener\">novo marco do saneamento<\/a>, o governo quer destravar e atrair R$ 120 bilh\u00f5es em investimentos p\u00fablicos e privados para universalizar os servi\u00e7os de \u00e1gua e esgoto at\u00e9 2033.<\/p>\n<p>Lula disse ainda que, al\u00e9m do Minha\u00a0Casa, Minha Vida para popula\u00e7\u00e3o mais pobres, \u00e9 preciso criar um programa habitacional que atenda \u00e0 classe m\u00e9dia baixa, aqueles que ganham entre tr\u00eas e quatro sal\u00e1rios. \u201cO mais pobre \u00e9 prioridade, mas queremos pensar no conjunto\u201d, afirmou.<\/p>\n<p>J\u00e1 na infraestrutura social, o foco ser\u00e3o investimentos em hospitais, escolas, creches e centros de cultura e de esportes. \u201cA qualidade de vida nas cidades n\u00e3o se faz apenas de casas, saneamento e transporte\u201d, ressaltou.<\/p>\n<p>Nesse sentido, o presidente criticou os epis\u00f3dios de racismo no pa\u00eds. \u201cN\u00e3o vamos admitir\u201d, disse ele.<\/p>\n<p>Em\u00a0<a href=\"https:\/\/www.youtube.com\/watch?v=Fgn0NPzIoxA\" target=\"_blank\" rel=\"noopener\">mais de uma\u00a0hora de discurso<\/a>, o presidente tratou ainda de diversos temas caros ao governo, como o combate \u00e0 fome, redu\u00e7\u00e3o de emiss\u00e3o de carbono e desmatamento zero, Plano Safra do agroneg\u00f3cio, renegocia\u00e7\u00e3o de d\u00edvidas, escola em tempo integral, investimentos na ci\u00eancia e tecnologia, pol\u00edticas de garantias de direitos, combate ao crime organizado e fortalecimento da democracia.<\/p>\n<p>Mais cedo, o governo federal divulgou uma\u00a0<a href=\"https:\/\/www.gov.br\/planalto\/pt-br\/acompanhe-o-planalto\/noticias\/2023\/04\/em-100-dias-250-realizacoes-que-ja-mudaram-os-rumos-do-brasil\" target=\"_blank\" rel=\"noopener\">lista de pol\u00edticas p\u00fablicas e a\u00e7\u00f5es<\/a>\u00a0realizadas nos \u00faltimos tr\u00eas meses. A\u00a0<strong>Ag\u00eancia Brasil<\/strong>\u00a0tamb\u00e9m preparou\u00a0<a href=\"https:\/\/agenciabrasil.ebc.com.br\/tags\/100-dias-de-governo-lula\" target=\"_blank\" rel=\"noopener\">material especial alusivo ao marco dos 100 dias<\/a>, com avalia\u00e7\u00f5es de especialistas.<\/p>\n<h2>Marco fiscal e juros<\/h2>\n<p>Durante seu discurso, Lula ressaltou ainda que, com o\u00a0<a href=\"https:\/\/agenciabrasil.ebc.com.br\/economia\/noticia\/2023-03\/agencia-brasil-explica-o-que-e-arcabouco-fiscal#:~:text=O%20arcabou%C3%A7o%20fiscal%20%C3%A9%20um,sa%C3%Bade%2C%20educa%C3%A7%C3%A3o%20e%20seguran%C3%A7a%20p%C3%Bablica.\" target=\"_blank\" rel=\"noopener\">novo arcabou\u00e7o fiscal<\/a>, que substituir\u00e1 o teto de gastos, o governo quer \u201ccolocar o pobre de volta no Or\u00e7amento\u201d.<\/p>\n<blockquote><p>\u201cTamb\u00e9m estamos trabalhando em uma reforma tribut\u00e1ria que corrige as distor\u00e7\u00f5es hist\u00f3ricas de um sistema de tributa\u00e7\u00e3o regressivo e injusto para os brasileiros e os entes federados. E cria um ambiente muito mais din\u00e2mico e descomplicado para o setor empresarial\u201d, disse. Para Lula, a proposta n\u00e3o ter\u00e1 \u201c100% de solidariedade\u201d, ainda assim, ele acredita na aprova\u00e7\u00e3o.<\/p><\/blockquote>\n<p>O presidente\u00a0<a href=\"https:\/\/agenciabrasil.ebc.com.br\/educacao\/noticia\/2023-04\/divergencias-com-banco-central-marcam-100-primeiros-dias-de-governo\" target=\"_blank\" rel=\"noopener\">criticou novamente o patamar dos juros b\u00e1sicos<\/a>\u00a0da economia do pa\u00eds, definidos pelo Banco Central (BC). \u201cContinuo achando que est\u00e3o brincado com o pa\u00eds, com o povo pobre e, sobretudo, com os empres\u00e1rios que querem investir. S\u00f3 n\u00e3o v\u00ea quem n\u00e3o quer\u201d, disse.<\/p>\n<p>Desde agosto do ano passado, o BC mant\u00e9m a taxa Selic (juros b\u00e1sicos da economia), em 13,25% ao ano.<\/p>\n<h2>Participa\u00e7\u00e3o social<\/h2>\n<p>Na abertura da reuni\u00e3o, o vice-presidente Geraldo Alckmin destacou a\u00a0<a href=\"https:\/\/agenciabrasil.ebc.com.br\/politica\/noticia\/2023-04\/100-dias-justica-e-seguranca-publica\" target=\"_blank\" rel=\"noopener\">rea\u00e7\u00e3o r\u00e1pida do governo ap\u00f3s os atos de vandalismo do dia 8 de janeiro<\/a>\u00a0em Bras\u00edlia. \u201cO senhor salvou a democracia de uma tentativa de golpe, e ela saiu fortalecida. A rea\u00e7\u00e3o r\u00e1pida de todos os Poderes e do pr\u00f3prio governo fortaleceu\u00a0o sistema democr\u00e1tico\u201d, disse.<\/p>\n<div class=\"dnd-widget-wrapper context-cheio_8colunas type-image\">\n<div class=\"dnd-atom-rendered\">\n<div class=\"shadow overflow-hidden rounded-lg d-block zoom-on-hover-sm shadow-hover w-100\"><img decoding=\"async\" class=\"flex-fill img-cover\" title=\"Fabio Rodrigues-Pozzebom\/ Ag\u00eancia Brasil\" src=\"https:\/\/imagens.ebc.com.br\/Ac-_7EE_uSdRv8l-VRzlgDAwuoM=\/754x0\/smart\/https:\/\/agenciabrasil.ebc.com.br\/sites\/default\/files\/thumbnails\/image\/pzzb8636.jpg?itok=6R4AIpPD\" alt=\"Bras\u00edlia (DF) 10\/04\/2023 O vice-presidente Geraldo Alckmin, durante reuni\u00e3o de balan\u00e7o dos 100 dias de governo. Todos os ministros participam do encontro. Foto: Fabio Rodrigues-Pozzebom\/ Ag\u00eancia Brasil\" \/><\/div>\n<\/div>\n<div class=\"dnd-caption-wrapper\">\n<h6 class=\"meta\">O vice-presidente Geraldo Alckmin, durante reuni\u00e3o de balan\u00e7o dos 100 dias de governo &#8211;\u00a0<strong>Fabio Rodrigues-Pozzebom\/ Ag\u00eancia Brasil<\/strong><\/h6>\n<\/div>\n<\/div>\n<p>No dia seguinte, os chefes dos Tr\u00eas Poderes e diversos governantes e autoridades caminharam juntos do Pal\u00e1cio do Planalto ao Supremo Tribunal Federal, passando pelo Congresso Nacional, em ato simb\u00f3lico pela defesa da democracia.<\/p>\n<p>Alckmin contou ainda que, em maio, o governo deve instalar o\u00a0<a href=\"https:\/\/agenciabrasil.ebc.com.br\/politica\/noticia\/2023-01\/governo-retomara-conselhao-e-comite-de-articulacao-com-municipios\" target=\"_blank\" rel=\"noopener\">Conselho de Desenvolvimento Econ\u00f4mico e Social, conhecido como Conselh\u00e3o<\/a>. Muito atuante nos governos de Lula, o colegiado tinha a participa\u00e7\u00e3o de\u00a0diversos empres\u00e1rios e personalidades reconhecidas em diferentes \u00e1reas.<\/p>\n<blockquote><p>\u201cA democracia significa participa\u00e7\u00e3o, e a gente observa em todos os minist\u00e9rios uma enorme participa\u00e7\u00e3o\u201d, disse. \u201cGoverno que ouve mais erra menos, governo moderno estimula participa\u00e7\u00e3o da sociedade civil organizada\u201d.<\/p><\/blockquote>\n<p>A previs\u00e3o \u00e9 que, ainda neste semestre, o Minist\u00e9rio do Planejamento e Or\u00e7amento e a Secretaria-Geral da Presid\u00eancia comecem os debates do Plano Plurianual Participativo. Com atividades nos 27 estados, o objetivo \u00e9 dar transpar\u00eancia or\u00e7ament\u00e1ria e possibilitar \u00e0 sociedade participar ativamente no processo de planejamento das a\u00e7\u00f5es para os pr\u00f3ximos anos.<\/p>\n<p>O vice-presidente falou ainda sobre as diversas das a\u00e7\u00f5es do governo nestes primeiros 100 dias, como a\u00a0<a href=\"https:\/\/agenciabrasil.ebc.com.br\/politica\/noticia\/2023-02\/governo-cria-grupo-de-trabalho-para-valorizacao-do-salario-minimo\" target=\"_blank\" rel=\"noopener\">valoriza\u00e7\u00e3o do sal\u00e1rio m\u00ednimo<\/a>\u00a0e os valores extras concedidos pelo\u00a0<a href=\"https:\/\/agenciabrasil.ebc.com.br\/politica\/noticia\/2023-03\/lula-cobra-fiscalizacao-rigorosa-do-novo-bolsa-familia\" target=\"_blank\" rel=\"noopener\">Bolsa Fam\u00edlia<\/a>\u00a0\u2013 R$ 150 por crian\u00e7a at\u00e9 seis anos e R$ 50 para cada integrante da fam\u00edlia com idade entre 7 e 18 anos incompletos e para gestantes.<\/p>\n<p>\u201cSe Juscelino Kubitschek dizia que eram 50 anos em cinco, n\u00f3s podemos dizer que foram mil\u00a0dias em 100\u201d, destacou Alckmin.<\/p>\n<p><span style=\"font-weight: 400;\">Fonte: Ag\u00eancia Brasil\u00a0<\/span><span style=\"font-weight: 400;\"><br \/>\n<\/span><\/p>\n","protected":false},"excerpt":{"rendered":"<p>O presidente Luiz In\u00e1cio Lula da Silva anunciou nesta segunda-feira (10) que o novo plano de investimento em infraestrutura do governo federal, em substitui\u00e7\u00e3o ao Programa de Acelera\u00e7\u00e3o do Crescimento (PAC), ter\u00e1 seis eixos estrat\u00e9gicos: transportes; infraestrutura social; inclus\u00e3o digital e conectividade; infraestrutura urbana; \u00e1gua para todos e transi\u00e7\u00e3o energ\u00e9tica. Lula fez hoje reuni\u00e3o ministerial [&hellip;]<\/p>\n","protected":false},"author":246,"featured_media":212432,"comment_status":"closed","ping_status":"closed","sticky":false,"template":"","format":"standard","meta":{"footnotes":""},"categories":[436,440,254,439],"tags":[],"class_list":["post-212431","post","type-post","status-publish","format-standard","has-post-thumbnail","hentry","category-destaque-da-semana","category-destaques-do-dia","category-politica","category-ultima-hora"],"_links":{"self":[{"href":"https:\/\/diarioregionaldigital.com.br\/index.php?rest_route=\/wp\/v2\/posts\/212431","targetHints":{"allow":["GET"]}}],"collection":[{"href":"https:\/\/diarioregionaldigital.com.br\/index.php?rest_route=\/wp\/v2\/posts"}],"about":[{"href":"https:\/\/diarioregionaldigital.com.br\/index.php?rest_route=\/wp\/v2\/types\/post"}],"author":[{"embeddable":true,"href":"https:\/\/diarioregionaldigital.com.br\/index.php?rest_route=\/wp\/v2\/users\/246"}],"replies":[{"embeddable":true,"href":"https:\/\/diarioregionaldigital.com.br\/index.php?rest_route=%2Fwp%2Fv2%2Fcomments&post=212431"}],"version-history":[{"count":1,"href":"https:\/\/diarioregionaldigital.com.br\/index.php?rest_route=\/wp\/v2\/posts\/212431\/revisions"}],"predecessor-version":[{"id":212433,"href":"https:\/\/diarioregionaldigital.com.br\/index.php?rest_route=\/wp\/v2\/posts\/212431\/revisions\/212433"}],"wp:featuredmedia":[{"embeddable":true,"href":"https:\/\/diarioregionaldigital.com.br\/index.php?rest_route=\/wp\/v2\/media\/212432"}],"wp:attachment":[{"href":"https:\/\/diarioregionaldigital.com.br\/index.php?rest_route=%2Fwp%2Fv2%2Fmedia&parent=212431"}],"wp:term":[{"taxonomy":"category","embeddable":true,"href":"https:\/\/diarioregionaldigital.com.br\/index.php?rest_route=%2Fwp%2Fv2%2Fcategories&post=212431"},{"taxonomy":"post_tag","embeddable":true,"href":"https:\/\/diarioregionaldigital.com.br\/index.php?rest_route=%2Fwp%2Fv2%2Ftags&post=212431"}],"curies":[{"name":"wp","href":"https:\/\/api.w.org\/{rel}","templated":true}]}}