{"id":212428,"date":"2023-04-10T23:23:56","date_gmt":"2023-04-11T02:23:56","guid":{"rendered":"https:\/\/diarioregionaldigital.com.br\/?p=212428"},"modified":"2023-04-10T23:23:56","modified_gmt":"2023-04-11T02:23:56","slug":"haddad-parcerias-com-setor-privado-ajudarao-nas-metas-de-saneamento","status":"publish","type":"post","link":"https:\/\/diarioregionaldigital.com.br\/?p=212428","title":{"rendered":"Haddad: parcerias com setor privado ajudar\u00e3o nas metas de saneamento"},"content":{"rendered":"<p>Adiado para a pr\u00f3xima semana, o novo marco das Parcerias P\u00fablico-Privadas (PPP) impulsionar\u00e1 os investimentos em saneamento, ajudando a cumprir as metas de universaliza\u00e7\u00e3o dos servi\u00e7os, disse nesta segunda-feira (10) o ministro da Fazenda, Fernando Haddad. Segundo ele, o novo marco facilitar\u00e1 os investimentos ao permitir que a Uni\u00e3o entre como garantidora das opera\u00e7\u00f5es de cr\u00e9dito para as PPPs fechadas por estados e grandes munic\u00edpios.<\/p>\n<p>\u201cSempre teve um pleito dos estados e grandes munic\u00edpios que as PPPs n\u00e3o contavam com apoio do Tesouro, sobretudo quanto \u00e0s garantias. E com o aval do Tesouro estendido para as PPPs dos estados, sobretudo na \u00e1rea de saneamento, que vai ter muita PPP, eu penso que vamos poder alavancar muitos investimentos\u201d, declarou o ministro ao sair para reuni\u00e3o com o ministro-chefe da Casa Civil, Rui Costa.<\/p>\n<p>Previsto para ser lan\u00e7ado nesta segunda, o novo marco foi adiado por causa da divulga\u00e7\u00e3o do balan\u00e7o dos 100 dias de governo e da viagem do presidente Luiz In\u00e1cio Lula da Silva \u00e0 China, que ter\u00e1 Haddad na comitiva.<\/p>\n<p>O ministro afirmou que o governo n\u00e3o pretende criar um fundo com recursos do Or\u00e7amento para garantir as opera\u00e7\u00f5es de cr\u00e9dito para as PPPs, uma medida que daria seguran\u00e7a para poss\u00edveis calotes dos governos locais ou entes privados. Uma ideia em estudo \u00e9 aproveitar o sistema de garantias do Tesouro para as opera\u00e7\u00f5es de cr\u00e9dito de governos locais.<\/p>\n<p>Haddad ressaltou que o fornecimento de garantias pelo Tesouro reduzir\u00e1 os custos dos projetos e ajudar\u00e1 no cumprimento da meta de universaliza\u00e7\u00e3o. Segundo o Novo Marco do Saneamento, aprovado em 2019, at\u00e9 2033, 99% da popula\u00e7\u00e3o brasileira dever\u00e1 ter acesso \u00e0 \u00e1gua pot\u00e1vel e 50% \u00e0 coleta de esgoto com tratamento.<\/p>\n<p>\u201cO aval do Tesouro nas PPPs pode representar incremento grande e uma diminui\u00e7\u00e3o de custos, porque essa universaliza\u00e7\u00e3o [do saneamento] n\u00e3o pode representar um aumento muito grande da conta de \u00e1gua. Pelo contr\u00e1rio\u201d, acrescentou o ministro.<\/p>\n<h2>Arcabou\u00e7o Fiscal<\/h2>\n<p>Na tarde desta segunda-feira, Haddad se reuniu com Rui Costa para concluir os detalhes t\u00e9cnicos do projeto do novo arcabou\u00e7o fiscal. O ministro informou que o texto,\u00a0<a href=\"https:\/\/agenciabrasil.ebc.com.br\/economia\/noticia\/2023-04\/governo-adia-entrega-do-arcabouco-fiscal-para-proxima-semana\" target=\"_blank\" rel=\"noopener\">inicialmente previsto para ser enviado at\u00e9 o in\u00edcio desta semana<\/a>, \u201cprovavelmente\u201d ser\u00e1 enviado ao Congresso Nacional na sexta-feira (14), junto com o projeto da Lei de Diretrizes Or\u00e7ament\u00e1rias (LDO) de 2024.<\/p>\n<p>\u201cAgora \u00e9 um trabalho t\u00e9cnico de aperfei\u00e7oamento da reda\u00e7\u00e3o. Ficar\u00e1 tudo pronto para que o presidente em exerc\u00edcio, [Geraldo] Alckmin, envie [ao Congresso] quando estivermos na China\u201d, declarou Haddad.<\/p>\n<p>O ministro reiterou que o texto est\u00e1 praticamente conclu\u00eddo, com algumas \u201cmicropend\u00eancias\u201d sendo revistas. Haddad disse que n\u00e3o haver\u00e1 mudan\u00e7a em rela\u00e7\u00e3o as medidas apresentadas no fim de mar\u00e7o, quando ele e a ministra do Planejamento, Simone Tebet, anunciaram as\u00a0<a href=\"https:\/\/agenciabrasil.ebc.com.br\/economia\/noticia\/2023-03\/agencia-brasil-explica-o-que-e-arcabouco-fiscal\" target=\"_blank\" rel=\"noopener\">regras<\/a>, que combinar\u00e3o metas de resultado prim\u00e1rio e limitar\u00e1 o crescimento real (acima da infla\u00e7\u00e3o) dos gastos a 70% do crescimento da receita dos 12 meses anteriores, dentro de um intervalo de expans\u00e3o de 0,6% a 2,5% ao ano.<\/p>\n<p>Em rela\u00e7\u00e3o ao pacote que pretende refor\u00e7ar a arrecada\u00e7\u00e3o em at\u00e9 R$ 150 bilh\u00f5es nos pr\u00f3ximos anos, Haddad afirmou que o texto s\u00f3 ser\u00e1 enviado ao Congresso na pr\u00f3xima semana, ap\u00f3s o fim da viagem presidencial \u00e0 China. Entre as medidas adiantadas pelo governo, est\u00e3o a revis\u00e3o a cr\u00e9ditos do Imposto sobre a Circula\u00e7\u00e3o de Mercadorias e Servi\u00e7os (ICMS) a grandes empresas, o combate ao contrabando por supostas empresas de com\u00e9rcio eletr\u00f4nico e a taxa\u00e7\u00e3o de apostas esportivas on-line.<\/p>\n<p><span style=\"font-weight: 400;\">Fonte: Ag\u00eancia Brasil <\/span><\/p>\n","protected":false},"excerpt":{"rendered":"<p>Adiado para a pr\u00f3xima semana, o novo marco das Parcerias P\u00fablico-Privadas (PPP) impulsionar\u00e1 os investimentos em saneamento, ajudando a cumprir as metas de universaliza\u00e7\u00e3o dos servi\u00e7os, disse nesta segunda-feira (10) o ministro da Fazenda, Fernando Haddad. Segundo ele, o novo marco facilitar\u00e1 os investimentos ao permitir que a Uni\u00e3o entre como garantidora das opera\u00e7\u00f5es de [&hellip;]<\/p>\n","protected":false},"author":246,"featured_media":212429,"comment_status":"closed","ping_status":"closed","sticky":false,"template":"","format":"standard","meta":{"footnotes":""},"categories":[436,261,439],"tags":[],"class_list":["post-212428","post","type-post","status-publish","format-standard","has-post-thumbnail","hentry","category-destaque-da-semana","category-economia","category-ultima-hora"],"_links":{"self":[{"href":"https:\/\/diarioregionaldigital.com.br\/index.php?rest_route=\/wp\/v2\/posts\/212428","targetHints":{"allow":["GET"]}}],"collection":[{"href":"https:\/\/diarioregionaldigital.com.br\/index.php?rest_route=\/wp\/v2\/posts"}],"about":[{"href":"https:\/\/diarioregionaldigital.com.br\/index.php?rest_route=\/wp\/v2\/types\/post"}],"author":[{"embeddable":true,"href":"https:\/\/diarioregionaldigital.com.br\/index.php?rest_route=\/wp\/v2\/users\/246"}],"replies":[{"embeddable":true,"href":"https:\/\/diarioregionaldigital.com.br\/index.php?rest_route=%2Fwp%2Fv2%2Fcomments&post=212428"}],"version-history":[{"count":1,"href":"https:\/\/diarioregionaldigital.com.br\/index.php?rest_route=\/wp\/v2\/posts\/212428\/revisions"}],"predecessor-version":[{"id":212430,"href":"https:\/\/diarioregionaldigital.com.br\/index.php?rest_route=\/wp\/v2\/posts\/212428\/revisions\/212430"}],"wp:featuredmedia":[{"embeddable":true,"href":"https:\/\/diarioregionaldigital.com.br\/index.php?rest_route=\/wp\/v2\/media\/212429"}],"wp:attachment":[{"href":"https:\/\/diarioregionaldigital.com.br\/index.php?rest_route=%2Fwp%2Fv2%2Fmedia&parent=212428"}],"wp:term":[{"taxonomy":"category","embeddable":true,"href":"https:\/\/diarioregionaldigital.com.br\/index.php?rest_route=%2Fwp%2Fv2%2Fcategories&post=212428"},{"taxonomy":"post_tag","embeddable":true,"href":"https:\/\/diarioregionaldigital.com.br\/index.php?rest_route=%2Fwp%2Fv2%2Ftags&post=212428"}],"curies":[{"name":"wp","href":"https:\/\/api.w.org\/{rel}","templated":true}]}}