{"id":212425,"date":"2023-04-10T23:22:31","date_gmt":"2023-04-11T02:22:31","guid":{"rendered":"https:\/\/diarioregionaldigital.com.br\/?p=212425"},"modified":"2023-04-10T23:22:31","modified_gmt":"2023-04-11T02:22:31","slug":"em-marco-cesta-basica-ficou-mais-barata-em-13-capitais-brasileiras","status":"publish","type":"post","link":"https:\/\/diarioregionaldigital.com.br\/?p=212425","title":{"rendered":"Em mar\u00e7o, cesta b\u00e1sica ficou mais barata em 13 capitais brasileiras"},"content":{"rendered":"<p>Em mar\u00e7o, o custo da cesta b\u00e1sica caiu em 13 das 17 capitais brasileiras que s\u00e3o analisadas pela Pesquisa Nacional da Cesta B\u00e1sica de Alimentos, elaborada mensalmente pelo Departamento Intersindical de Estat\u00edstica e Estudos Socioecon\u00f4micos (Dieese).<\/p>\n<p>Segundo dados da pesquisa divulgada\u00a0hoje (10), as maiores quedas no custo da cesta b\u00e1sica ocorreram em Recife (-4,65%), Belo Horizonte (-3,72%), Bras\u00edlia (-3,67%), Fortaleza (-3,49%) e Jo\u00e3o Pessoa (-3,42%). Por outro lado, houve aumento no pre\u00e7o das cestas de Porto Alegre (0,65%), S\u00e3o Paulo (0,37%), Bel\u00e9m (0,24%) e Curitiba (0,13%).<\/p>\n<p>No m\u00eas de mar\u00e7o, a cesta mais cara do pa\u00eds era a de S\u00e3o Paulo, onde o pre\u00e7o m\u00e9dio dos produtos chegou a R$ 782,23. Em seguida estavam as cestas de Porto Alegre (R$ 746,12), Florian\u00f3polis (R$ 742,23), Rio de Janeiro (R$ 735,62) e Campo Grande (R$ 719,15). No Norte e Nordeste do pa\u00eds, onde a composi\u00e7\u00e3o da cesta \u00e9 um pouco diferente, ela custava mais barato. Em Aracaju foi encontrada a cesta mais barata do pa\u00eds, onde o custo m\u00e9dio estava em R$ 546,14.<\/p>\n<p>Com base no valor da cesta mais cara, que em mar\u00e7o foi a de S\u00e3o Paulo, e levando em considera\u00e7\u00e3o a determina\u00e7\u00e3o constitucional que estabelece que o sal\u00e1rio m\u00ednimo deve ser suficiente para cobrir despesas com alimenta\u00e7\u00e3o, moradia, sa\u00fade, educa\u00e7\u00e3o, vestu\u00e1rio, higiene, transporte, lazer e previd\u00eancia, o Dieese estimou que o sal\u00e1rio m\u00ednimo ideal deveria ser de R$ 6.571,52, o que significa que ele deveria ser cinco vezes maior do que o sal\u00e1rio m\u00ednimo atual, de R$ 1.302.<\/p>\n<p><span style=\"font-weight: 400;\">Fonte: Ag\u00eancia Brasil <\/span><\/p>\n","protected":false},"excerpt":{"rendered":"<p>Em mar\u00e7o, o custo da cesta b\u00e1sica caiu em 13 das 17 capitais brasileiras que s\u00e3o analisadas pela Pesquisa Nacional da Cesta B\u00e1sica de Alimentos, elaborada mensalmente pelo Departamento Intersindical de Estat\u00edstica e Estudos Socioecon\u00f4micos (Dieese). Segundo dados da pesquisa divulgada\u00a0hoje (10), as maiores quedas no custo da cesta b\u00e1sica ocorreram em Recife (-4,65%), Belo [&hellip;]<\/p>\n","protected":false},"author":246,"featured_media":212426,"comment_status":"closed","ping_status":"closed","sticky":false,"template":"","format":"standard","meta":{"footnotes":""},"categories":[436,261,439],"tags":[],"class_list":["post-212425","post","type-post","status-publish","format-standard","has-post-thumbnail","hentry","category-destaque-da-semana","category-economia","category-ultima-hora"],"_links":{"self":[{"href":"https:\/\/diarioregionaldigital.com.br\/index.php?rest_route=\/wp\/v2\/posts\/212425","targetHints":{"allow":["GET"]}}],"collection":[{"href":"https:\/\/diarioregionaldigital.com.br\/index.php?rest_route=\/wp\/v2\/posts"}],"about":[{"href":"https:\/\/diarioregionaldigital.com.br\/index.php?rest_route=\/wp\/v2\/types\/post"}],"author":[{"embeddable":true,"href":"https:\/\/diarioregionaldigital.com.br\/index.php?rest_route=\/wp\/v2\/users\/246"}],"replies":[{"embeddable":true,"href":"https:\/\/diarioregionaldigital.com.br\/index.php?rest_route=%2Fwp%2Fv2%2Fcomments&post=212425"}],"version-history":[{"count":1,"href":"https:\/\/diarioregionaldigital.com.br\/index.php?rest_route=\/wp\/v2\/posts\/212425\/revisions"}],"predecessor-version":[{"id":212427,"href":"https:\/\/diarioregionaldigital.com.br\/index.php?rest_route=\/wp\/v2\/posts\/212425\/revisions\/212427"}],"wp:featuredmedia":[{"embeddable":true,"href":"https:\/\/diarioregionaldigital.com.br\/index.php?rest_route=\/wp\/v2\/media\/212426"}],"wp:attachment":[{"href":"https:\/\/diarioregionaldigital.com.br\/index.php?rest_route=%2Fwp%2Fv2%2Fmedia&parent=212425"}],"wp:term":[{"taxonomy":"category","embeddable":true,"href":"https:\/\/diarioregionaldigital.com.br\/index.php?rest_route=%2Fwp%2Fv2%2Fcategories&post=212425"},{"taxonomy":"post_tag","embeddable":true,"href":"https:\/\/diarioregionaldigital.com.br\/index.php?rest_route=%2Fwp%2Fv2%2Ftags&post=212425"}],"curies":[{"name":"wp","href":"https:\/\/api.w.org\/{rel}","templated":true}]}}