{"id":212416,"date":"2023-04-07T16:41:53","date_gmt":"2023-04-07T19:41:53","guid":{"rendered":"https:\/\/diarioregionaldigital.com.br\/?p=212416"},"modified":"2023-04-07T16:41:53","modified_gmt":"2023-04-07T19:41:53","slug":"o-dever-da-caridade","status":"publish","type":"post","link":"https:\/\/diarioregionaldigital.com.br\/?p=212416","title":{"rendered":"O dever da caridade"},"content":{"rendered":"<p>Ajudar ao pr\u00f3ximo \u00e9 uma miss\u00e3o que devemos cumprir com zelo, pois a caridade \u00e9 uma maneira de glorificar a Deus:<\/p>\n<p>\u201cAssim brilhe a luz de voc\u00eas diante dos homens, para que vejam as suas boas obras e glorifiquem ao Pai de voc\u00eas, que est\u00e1 nos c\u00e9us&#8221; (Mateus 5: 16).<\/p>\n<p>Vivemos uma \u00e9poca em que as pessoas t\u00eam se fechado progressivamente tornando-se cada vez mais individualistas:<\/p>\n<p>\u201cCada um cuide, n\u00e3o somente dos seus interesses, mas tamb\u00e9m dos interesses dos outros\u201d (Filipenses 2: 4).<\/p>\n<p>Esse \u00e9 mais um sintoma do processo de afastamento de Deus, pois a Palavra nos ensina a solidariedade, n\u00e3o o individualismo:<\/p>\n<p>\u201cLevem os fardos pesados uns dos outros e, assim, cumpram a lei de Cristo\u201d (G\u00e1latas 6: 2).<\/p>\n<p>Em muitos casos as pessoas justificam a falta de caridade com frases feitas tais como: \u201cele \u00e9 pobre porque n\u00e3o gosta de trabalhar!\u201d; mera desculpa que diz mais sobre quem pensa assim do que sobre quem vive em necessidade:<\/p>\n<p>\u201cEm tudo o que fiz, mostrei-lhes que mediante trabalho \u00e1rduo devemos ajudar os fracos, lembrando as palavras do pr\u00f3prio Senhor Jesus, que disse: \u2018H\u00e1 maior felicidade em dar do que em receber\u2019 &#8221; (Atos dos Ap\u00f3stolos 20: 35).<\/p>\n<p>\u00c9 imposs\u00edvel apartar a f\u00e9 da caridade:<\/p>\n<p>\u201cSe algu\u00e9m tiver recursos materiais e, vendo seu irm\u00e3o em necessidade, n\u00e3o se compadecer dele, como pode permanecer nele o amor de Deus?\u201d (1 Jo\u00e3o 3: 17).<\/p>\n<p>Pois quem tem f\u00e9, a f\u00e9 verdadeira, mostra do que \u00e9 feito atrav\u00e9s de suas obras:<\/p>\n<p>\u201cAssim tamb\u00e9m a f\u00e9, por si s\u00f3, se n\u00e3o for acompanhada de obras, est\u00e1 morta. 18. Mas algu\u00e9m dir\u00e1: \u2018Voc\u00ea tem f\u00e9; eu tenho obras\u201d. Mostre-me a sua f\u00e9 sem obras, e eu lhe mostrarei a minha f\u00e9 pelas obras\u201d (Tiago 2: 17).<\/p>\n<p>A caridade \u00e9 tamb\u00e9m uma demonstra\u00e7\u00e3o de intelig\u00eancia pr\u00e1tica, pois quem d\u00e1, recebe:<\/p>\n<p>\u201cQuem trata bem os pobres empresta ao Senhor, e ele o recompensar\u00e1\u201d (Prov\u00e9rbios 19: 17).<\/p>\n<p>Conforme as pr\u00f3prias palavras de Jesus Cristo:<\/p>\n<p>\u201cDai, e ser-vos-\u00e1 dado; boa medida, recalcada, sacudida e transbordando, vos deitar\u00e3o no vosso rega\u00e7o; porque com a mesma medida com que medirdes tamb\u00e9m vos medir\u00e3o de novo\u201d (Lucas 6: 38).<\/p>\n","protected":false},"excerpt":{"rendered":"<p>Ajudar ao pr\u00f3ximo \u00e9 uma miss\u00e3o que devemos cumprir com zelo, pois a caridade \u00e9 uma maneira de glorificar a Deus: \u201cAssim brilhe a luz de voc\u00eas diante dos homens, para que vejam as suas boas obras e glorifiquem ao Pai de voc\u00eas, que est\u00e1 nos c\u00e9us&#8221; (Mateus 5: 16). Vivemos uma \u00e9poca em que [&hellip;]<\/p>\n","protected":false},"author":96,"featured_media":0,"comment_status":"closed","ping_status":"closed","sticky":false,"template":"","format":"standard","meta":{"footnotes":""},"categories":[1244],"tags":[],"class_list":["post-212416","post","type-post","status-publish","format-standard","hentry","category-oleg-abramov"],"_links":{"self":[{"href":"https:\/\/diarioregionaldigital.com.br\/index.php?rest_route=\/wp\/v2\/posts\/212416","targetHints":{"allow":["GET"]}}],"collection":[{"href":"https:\/\/diarioregionaldigital.com.br\/index.php?rest_route=\/wp\/v2\/posts"}],"about":[{"href":"https:\/\/diarioregionaldigital.com.br\/index.php?rest_route=\/wp\/v2\/types\/post"}],"author":[{"embeddable":true,"href":"https:\/\/diarioregionaldigital.com.br\/index.php?rest_route=\/wp\/v2\/users\/96"}],"replies":[{"embeddable":true,"href":"https:\/\/diarioregionaldigital.com.br\/index.php?rest_route=%2Fwp%2Fv2%2Fcomments&post=212416"}],"version-history":[{"count":1,"href":"https:\/\/diarioregionaldigital.com.br\/index.php?rest_route=\/wp\/v2\/posts\/212416\/revisions"}],"predecessor-version":[{"id":212417,"href":"https:\/\/diarioregionaldigital.com.br\/index.php?rest_route=\/wp\/v2\/posts\/212416\/revisions\/212417"}],"wp:attachment":[{"href":"https:\/\/diarioregionaldigital.com.br\/index.php?rest_route=%2Fwp%2Fv2%2Fmedia&parent=212416"}],"wp:term":[{"taxonomy":"category","embeddable":true,"href":"https:\/\/diarioregionaldigital.com.br\/index.php?rest_route=%2Fwp%2Fv2%2Fcategories&post=212416"},{"taxonomy":"post_tag","embeddable":true,"href":"https:\/\/diarioregionaldigital.com.br\/index.php?rest_route=%2Fwp%2Fv2%2Ftags&post=212416"}],"curies":[{"name":"wp","href":"https:\/\/api.w.org\/{rel}","templated":true}]}}