{"id":212396,"date":"2023-04-06T21:11:41","date_gmt":"2023-04-07T00:11:41","guid":{"rendered":"https:\/\/diarioregionaldigital.com.br\/?p=212396"},"modified":"2023-04-06T21:11:41","modified_gmt":"2023-04-07T00:11:41","slug":"alunos-de-projetos-do-cpb-sobem-ao-podio-no-primeiro-dia-da-copa-brasil-de-esgrima-em-cadeira-de-rodas","status":"publish","type":"post","link":"https:\/\/diarioregionaldigital.com.br\/?p=212396","title":{"rendered":"Alunos de projetos do CPB sobem ao p\u00f3dio no primeiro dia da Copa Brasil de esgrima em cadeira de rodas"},"content":{"rendered":"<p>O primeiro dia de disputas da\u00a0<u><strong><a href=\"https:\/\/www.cpb.org.br\/noticia\/detalhe\/5051\/copa-brasil-de-esgrima-em-cadeira-de-rodas-abre-temporada-nacional-da-modalidade-no-ct-paralimpico\" target=\"_blank\" rel=\"noopener\">1\u00aa\u00a0Copa Brasil de esgrima em cadeira de rodas\u00a02023<\/a><\/strong><\/u>, competi\u00e7\u00e3o realizada no Centro de Treinamento Paral\u00edmpico, em S\u00e3o Paulo, rendeu duas medalhas a alunos de projetos do Comit\u00ea Paral\u00edmpico Brasileiro (CPB).<\/p>\n<p>Os paulistas Sabrina Marques e Lucas Juli\u00e3o, integrantes da<u><strong><a href=\"https:\/\/www.cpb.org.br\/escola-paralimpica-de-esportes\" target=\"_blank\" rel=\"noopener\">\u00a0Escola Paral\u00edmpica de Esportes<\/a>\u00a0<\/strong><\/u>(saiba mais abaixo)<u><\/u>\u00a0e do projeto Reabilitar, respectivamente, conquistaram prata e bronze nesta quinta-feira, 6.<\/p>\n<p>Sabrina ficou em segundo lugar na espada B (atletas com menos mobilidade no tronco e menos equil\u00edbrio), com o p\u00f3dio sendo completado por M\u00f4nica Santos (ouro) e Rafaela Maia (bronze). Lucas foi eliminado na semifinal da espada A (atletas com mobilidade no tronco; amputados ou com limita\u00e7\u00e3o de movimento). Como n\u00e3o h\u00e1 disputa pelo terceiro lugar no torneio,\u00a0 ele foi premiado com a medalha de bronze. Sandro Colaco ficou com o ouro, Len\u00edlson de Oliveira, com a prata, e Alex Sandro tamb\u00e9m subiu ao p\u00f3dio na terceira posi\u00e7\u00e3o.<\/p>\n<p>A competi\u00e7\u00e3o continua na noite desta quinta-feira e durante toda a sexta-feira,7, com 32 esgrimistas inscritos. A Copa Brasil de esgrima em cadeira de rodas\u00a0abre a temporada brasileira da modalidade e \u00e9 um dos torneios mais importantes do calend\u00e1rio nacional.<\/p>\n<p>O evento re\u00fane provas nas tr\u00eas armas da modalidade, florete, espada e sabre, nas categorias A e B. As disputas s\u00e3o feitas na f\u00f3rmula mista, ou seja, um turno de pule (fase de grupos), seguido por jogos eliminat\u00f3rios at\u00e9 a defini\u00e7\u00e3o do campe\u00e3o.<\/p>\n<p><strong>Escola Paral\u00edmpica de Esportes<\/strong><br \/>\nA Escola Paral\u00edmpica de Esportes \u00e9 idealizada e realizada pelo CPB e tem como objetivo promover a inicia\u00e7\u00e3o de crian\u00e7as com defici\u00eancia f\u00edsica, visual e intelectual na faixa et\u00e1ria de 7\u00a0a 17 anos em treze modalidades paral\u00edmpicas.<\/p>\n<p>S\u00e3o oferecidas aulas de atletismo, badminton, bocha, esgrima em cadeira de rodas, futebol de cegos, goalball, halterofilismo, jud\u00f4, nata\u00e7\u00e3o, t\u00eanis de mesa, tiro com arco, triatlo e v\u00f4lei sentado. Todas comp\u00f5em o atual programa dos Jogos Paral\u00edmpicos, estabelecido pelo Comit\u00ea Paral\u00edmpico Internacional (IPC, sigla em ingl\u00eas).<\/p>\n<p><a href=\"https:\/\/docs.google.com\/forms\/d\/e\/1FAIpQLSceGvojTaRLKK4NIsIB_sZ90GJ6903ySKVaC_NSbaWxMLhdVQ\/viewform\" target=\"_blank\" rel=\"noopener\"><u><strong>FICHA DE INSCRI\u00c7\u00c3O<\/strong><\/u><\/a><\/p>\n<p>Os alunos s\u00e3o atendidos dois dias por semana, divididos em turmas \u00e0s segundas e quartas-feiras e ter\u00e7as e quintas-feiras, em dois hor\u00e1rios: das 14h \u00e0s 15h30 e das 16h \u00e0s 17h30.<\/p>\n<p>As crian\u00e7as recebem uniforme e lanche durante a estadia no CT Paral\u00edmpico. Tamb\u00e9m \u00e9 disponibilizado transporte em locais estrat\u00e9gicos da Grande S\u00e3o Paulo. Todos os servi\u00e7os s\u00e3o oferecidos gratuitamente. \u00a0Para mais informa\u00e7\u00f5es sobre o projeto, entrar em contato pelo e-mail:\u00a0<strong>escolaparalimpica@cpb.org.br<\/strong>.<\/p>\n<p><span style=\"font-weight: 400;\">Fonte: CPB<\/span><\/p>\n","protected":false},"excerpt":{"rendered":"<p>O primeiro dia de disputas da\u00a01\u00aa\u00a0Copa Brasil de esgrima em cadeira de rodas\u00a02023, competi\u00e7\u00e3o realizada no Centro de Treinamento Paral\u00edmpico, em S\u00e3o Paulo, rendeu duas medalhas a alunos de projetos do Comit\u00ea Paral\u00edmpico Brasileiro (CPB). Os paulistas Sabrina Marques e Lucas Juli\u00e3o, integrantes da\u00a0Escola Paral\u00edmpica de Esportes\u00a0(saiba mais abaixo)\u00a0e do projeto Reabilitar, respectivamente, conquistaram prata [&hellip;]<\/p>\n","protected":false},"author":246,"featured_media":212397,"comment_status":"closed","ping_status":"closed","sticky":false,"template":"","format":"standard","meta":{"footnotes":""},"categories":[436,257,439],"tags":[],"class_list":["post-212396","post","type-post","status-publish","format-standard","has-post-thumbnail","hentry","category-destaque-da-semana","category-esporte","category-ultima-hora"],"_links":{"self":[{"href":"https:\/\/diarioregionaldigital.com.br\/index.php?rest_route=\/wp\/v2\/posts\/212396","targetHints":{"allow":["GET"]}}],"collection":[{"href":"https:\/\/diarioregionaldigital.com.br\/index.php?rest_route=\/wp\/v2\/posts"}],"about":[{"href":"https:\/\/diarioregionaldigital.com.br\/index.php?rest_route=\/wp\/v2\/types\/post"}],"author":[{"embeddable":true,"href":"https:\/\/diarioregionaldigital.com.br\/index.php?rest_route=\/wp\/v2\/users\/246"}],"replies":[{"embeddable":true,"href":"https:\/\/diarioregionaldigital.com.br\/index.php?rest_route=%2Fwp%2Fv2%2Fcomments&post=212396"}],"version-history":[{"count":1,"href":"https:\/\/diarioregionaldigital.com.br\/index.php?rest_route=\/wp\/v2\/posts\/212396\/revisions"}],"predecessor-version":[{"id":212398,"href":"https:\/\/diarioregionaldigital.com.br\/index.php?rest_route=\/wp\/v2\/posts\/212396\/revisions\/212398"}],"wp:featuredmedia":[{"embeddable":true,"href":"https:\/\/diarioregionaldigital.com.br\/index.php?rest_route=\/wp\/v2\/media\/212397"}],"wp:attachment":[{"href":"https:\/\/diarioregionaldigital.com.br\/index.php?rest_route=%2Fwp%2Fv2%2Fmedia&parent=212396"}],"wp:term":[{"taxonomy":"category","embeddable":true,"href":"https:\/\/diarioregionaldigital.com.br\/index.php?rest_route=%2Fwp%2Fv2%2Fcategories&post=212396"},{"taxonomy":"post_tag","embeddable":true,"href":"https:\/\/diarioregionaldigital.com.br\/index.php?rest_route=%2Fwp%2Fv2%2Ftags&post=212396"}],"curies":[{"name":"wp","href":"https:\/\/api.w.org\/{rel}","templated":true}]}}