{"id":212384,"date":"2023-04-06T20:58:25","date_gmt":"2023-04-06T23:58:25","guid":{"rendered":"https:\/\/diarioregionaldigital.com.br\/?p=212384"},"modified":"2023-04-06T20:58:25","modified_gmt":"2023-04-06T23:58:25","slug":"presidente-formaliza-em-decreto-aposentadoria-de-lewandowski","status":"publish","type":"post","link":"https:\/\/diarioregionaldigital.com.br\/?p=212384","title":{"rendered":"Presidente formaliza, em decreto, aposentadoria de Lewandowski"},"content":{"rendered":"<p>O presidente Luiz In\u00e1cio Lula da Silva assinou decreto que oficializa a aposentadoria do ministro Ricardo Lewandowski, do Supremo Tribunal Federal (STF). Ele deixa o cargo na pr\u00f3xima ter\u00e7a-feira (11). O texto foi publicado na edi\u00e7\u00e3o de hoje (6) do Di\u00e1rio Oficial da Uni\u00e3o (DOU).<\/p>\n<p>A data j\u00e1 havia sido antecipada pelo pr\u00f3prio Lewandowski, ap\u00f3s sua \u00faltima sess\u00e3o plen\u00e1ria, na semana passada. O ministro anunciou sua aposentadoria para um m\u00eas antes do prazo limite de 11 de maio, data em que completa 75 anos, idade da aposentadoria compuls\u00f3ria.<\/p>\n<p>Com a antecipa\u00e7\u00e3o, Lula dever\u00e1 indicar um novo ministro para o Supremo. Antes da posse, o ocupante da nova cadeira dever\u00e1 passar por sabatina na Comiss\u00e3o de Constitui\u00e7\u00e3o e Justi\u00e7a (CCJ) do Senado e vota\u00e7\u00e3o no plen\u00e1rio da Casa.<\/p>\n<h2>Corrida<\/h2>\n<p>A aposentadoria antecipada provocar\u00e1 uma corrida pela disputa da vaga. Lewandowski disse ter se reunido com Lula para comunicar sua aposentadoria pessoalmente, mas que n\u00e3o fez sugest\u00f5es de substitutos.<\/p>\n<p>\u201cTodos os nomes que est\u00e3o aparecendo como candidatos s\u00e3o pessoas com reputa\u00e7\u00e3o ilibada, com trajet\u00f3ria jur\u00eddica impec\u00e1vel. O STF estar\u00e1 muito bem servido com qualquer dos nomes que t\u00eam aparecido&#8221;, explicou.\u00a0N\u00e3o h\u00e1 prazo para Lula indicar novo ministro.<\/p>\n<p><span style=\"font-weight: 400;\">Fonte: Ag\u00eancia Brasil\u00a0<\/span><span style=\"font-weight: 400;\"><br \/>\n<\/span><\/p>\n","protected":false},"excerpt":{"rendered":"<p>O presidente Luiz In\u00e1cio Lula da Silva assinou decreto que oficializa a aposentadoria do ministro Ricardo Lewandowski, do Supremo Tribunal Federal (STF). Ele deixa o cargo na pr\u00f3xima ter\u00e7a-feira (11). O texto foi publicado na edi\u00e7\u00e3o de hoje (6) do Di\u00e1rio Oficial da Uni\u00e3o (DOU). A data j\u00e1 havia sido antecipada pelo pr\u00f3prio Lewandowski, ap\u00f3s [&hellip;]<\/p>\n","protected":false},"author":246,"featured_media":212385,"comment_status":"closed","ping_status":"closed","sticky":false,"template":"","format":"standard","meta":{"footnotes":""},"categories":[436,254,439],"tags":[],"class_list":["post-212384","post","type-post","status-publish","format-standard","has-post-thumbnail","hentry","category-destaque-da-semana","category-politica","category-ultima-hora"],"_links":{"self":[{"href":"https:\/\/diarioregionaldigital.com.br\/index.php?rest_route=\/wp\/v2\/posts\/212384","targetHints":{"allow":["GET"]}}],"collection":[{"href":"https:\/\/diarioregionaldigital.com.br\/index.php?rest_route=\/wp\/v2\/posts"}],"about":[{"href":"https:\/\/diarioregionaldigital.com.br\/index.php?rest_route=\/wp\/v2\/types\/post"}],"author":[{"embeddable":true,"href":"https:\/\/diarioregionaldigital.com.br\/index.php?rest_route=\/wp\/v2\/users\/246"}],"replies":[{"embeddable":true,"href":"https:\/\/diarioregionaldigital.com.br\/index.php?rest_route=%2Fwp%2Fv2%2Fcomments&post=212384"}],"version-history":[{"count":1,"href":"https:\/\/diarioregionaldigital.com.br\/index.php?rest_route=\/wp\/v2\/posts\/212384\/revisions"}],"predecessor-version":[{"id":212386,"href":"https:\/\/diarioregionaldigital.com.br\/index.php?rest_route=\/wp\/v2\/posts\/212384\/revisions\/212386"}],"wp:featuredmedia":[{"embeddable":true,"href":"https:\/\/diarioregionaldigital.com.br\/index.php?rest_route=\/wp\/v2\/media\/212385"}],"wp:attachment":[{"href":"https:\/\/diarioregionaldigital.com.br\/index.php?rest_route=%2Fwp%2Fv2%2Fmedia&parent=212384"}],"wp:term":[{"taxonomy":"category","embeddable":true,"href":"https:\/\/diarioregionaldigital.com.br\/index.php?rest_route=%2Fwp%2Fv2%2Fcategories&post=212384"},{"taxonomy":"post_tag","embeddable":true,"href":"https:\/\/diarioregionaldigital.com.br\/index.php?rest_route=%2Fwp%2Fv2%2Ftags&post=212384"}],"curies":[{"name":"wp","href":"https:\/\/api.w.org\/{rel}","templated":true}]}}