{"id":212378,"date":"2023-04-06T20:55:40","date_gmt":"2023-04-06T23:55:40","guid":{"rendered":"https:\/\/diarioregionaldigital.com.br\/?p=212378"},"modified":"2023-04-06T20:55:40","modified_gmt":"2023-04-06T23:55:40","slug":"lei-determina-reuso-de-agua-e-aproveitamento-da-chuva-em-edificacoes","status":"publish","type":"post","link":"https:\/\/diarioregionaldigital.com.br\/?p=212378","title":{"rendered":"Lei determina reuso de \u00e1gua e aproveitamento da chuva em edifica\u00e7\u00f5es"},"content":{"rendered":"<div class=\"post-item-wrap\">\n<div class=\"post-item-wrap\">\n<p>Lei que obriga o governo federal a estimular o uso de \u00e1gua das chuvas e o reaproveitamento n\u00e3o pot\u00e1vel das \u00e1guas cinzas foi publicada no<em>\u00a0<a href=\"http:\/\/www.planalto.gov.br\/ccivil_03\/_ato2023-2026\/2023\/lei\/L14546.htm\" target=\"_blank\" rel=\"noopener\">Di\u00e1rio Oficial da Uni\u00e3o<\/a><\/em>. S\u00e3o chamadas \u201ccinzas\u201d as \u00e1guas usadas em chuveiros, pias, tanques e m\u00e1quinas de lavar.<\/p>\n<p>Segundo a Lei 14.546\/23, a pr\u00e1tica deve ser estimulada em novas edifica\u00e7\u00f5es e atividades paisag\u00edsticas, agr\u00edcolas, florestais e industriais. A norma altera a Lei do Saneamento B\u00e1sico e tem origem no projeto de Lei 4.109\/12, do ex-deputado Laercio Oliveira (SE), aprovado pela C\u00e2mara em 2019.<\/p>\n<p>Embora a medida n\u00e3o especifique as formas de est\u00edmulo, o dispositivo legal estabelece que os reservat\u00f3rios destinados a acumular \u00e1guas das chuvas e \u00e1guas cinzas devem ser distintos da rede de \u00e1gua proveniente do abastecimento p\u00fablico.<\/p>\n<p>Al\u00e9m disso, a lei determina que essas \u00e1guas devem passar por processo de tratamento que assegure a utiliza\u00e7\u00e3o segura, previamente \u00e0 acumula\u00e7\u00e3o e ao uso na edifica\u00e7\u00e3o.<\/p>\n<h2>Corre\u00e7\u00e3o de falhas<\/h2>\n<p>A regra tamb\u00e9m obriga os prestadores de servi\u00e7o p\u00fablico de abastecimento de \u00e1gua a corrigir as falhas da rede hidr\u00e1ulica, de modo a evitar vazamentos e perdas. Al\u00e9m disso, esses prestadores s\u00e3o obrigados a fiscalizar a rede de abastecimento para coibir as liga\u00e7\u00f5es irregulares, popularmente conhecidas como\u00a0<em>gatos<\/em>.<\/p>\n<p>Por orienta\u00e7\u00e3o dos minist\u00e9rios da Integra\u00e7\u00e3o e Desenvolvimento Regional, do Meio Ambiente e das Cidades, foi vetado trecho que previa o uso de \u00e1guas cinzas e de chuvas apenas em \u201catividades menos restritivas quanto \u00e0 qualidade&#8221;.<\/p>\n<p>Na avalia\u00e7\u00e3o do governo, a medida poderia causar inseguran\u00e7a h\u00eddrica aos habitantes do semi\u00e1rido brasileiro, uma vez que, nessa regi\u00e3o, \u00e9 comum o uso de cisternas para coletar \u00e1gua da chuva para aproveitamento posterior, incluindo o uso como \u00e1gua pot\u00e1vel.<\/p>\n<p>A publica\u00e7\u00e3o da Lei 14.546 de 2023 acontece duas semanas ap\u00f3s a Confer\u00eancia da \u00c1gua, promovida pela Organiza\u00e7\u00e3o das Na\u00e7\u00f5es Unidas (ONU) em Nova York.<\/p>\n<p>Durante esse evento, l\u00edderes globais estabeleceram objetivos para transformar o gerenciamento do recurso h\u00eddrico com a\u00e7\u00f5es que preveem desde escolhas alimentares mais inteligentes at\u00e9 reavaliar a \u00e1gua como forma de impulsionar a economia. Na ocasi\u00e3o, o secret\u00e1rio-geral da ONU, Ant\u00f3nio Guterres, afirmou que a \u00e1gua deve estar no centro da agenda pol\u00edtica global. Uma nova confer\u00eancia ser\u00e1 realizada em 2025 para avaliar a implementa\u00e7\u00e3o dos compromissos.<\/p>\n<\/div>\n<p class=\"alt-font font-italic my-2 small text-info\"><span style=\"font-weight: 400;\"><br \/>\n<\/span><span style=\"font-weight: 400;\">Fonte: Ag\u00eancia Brasil <\/span><\/p>\n<\/div>\n","protected":false},"excerpt":{"rendered":"<p>Lei que obriga o governo federal a estimular o uso de \u00e1gua das chuvas e o reaproveitamento n\u00e3o pot\u00e1vel das \u00e1guas cinzas foi publicada no\u00a0Di\u00e1rio Oficial da Uni\u00e3o. S\u00e3o chamadas \u201ccinzas\u201d as \u00e1guas usadas em chuveiros, pias, tanques e m\u00e1quinas de lavar. Segundo a Lei 14.546\/23, a pr\u00e1tica deve ser estimulada em novas edifica\u00e7\u00f5es e [&hellip;]<\/p>\n","protected":false},"author":246,"featured_media":212379,"comment_status":"closed","ping_status":"closed","sticky":false,"template":"","format":"standard","meta":{"footnotes":""},"categories":[436,254,439],"tags":[],"class_list":["post-212378","post","type-post","status-publish","format-standard","has-post-thumbnail","hentry","category-destaque-da-semana","category-politica","category-ultima-hora"],"_links":{"self":[{"href":"https:\/\/diarioregionaldigital.com.br\/index.php?rest_route=\/wp\/v2\/posts\/212378","targetHints":{"allow":["GET"]}}],"collection":[{"href":"https:\/\/diarioregionaldigital.com.br\/index.php?rest_route=\/wp\/v2\/posts"}],"about":[{"href":"https:\/\/diarioregionaldigital.com.br\/index.php?rest_route=\/wp\/v2\/types\/post"}],"author":[{"embeddable":true,"href":"https:\/\/diarioregionaldigital.com.br\/index.php?rest_route=\/wp\/v2\/users\/246"}],"replies":[{"embeddable":true,"href":"https:\/\/diarioregionaldigital.com.br\/index.php?rest_route=%2Fwp%2Fv2%2Fcomments&post=212378"}],"version-history":[{"count":1,"href":"https:\/\/diarioregionaldigital.com.br\/index.php?rest_route=\/wp\/v2\/posts\/212378\/revisions"}],"predecessor-version":[{"id":212380,"href":"https:\/\/diarioregionaldigital.com.br\/index.php?rest_route=\/wp\/v2\/posts\/212378\/revisions\/212380"}],"wp:featuredmedia":[{"embeddable":true,"href":"https:\/\/diarioregionaldigital.com.br\/index.php?rest_route=\/wp\/v2\/media\/212379"}],"wp:attachment":[{"href":"https:\/\/diarioregionaldigital.com.br\/index.php?rest_route=%2Fwp%2Fv2%2Fmedia&parent=212378"}],"wp:term":[{"taxonomy":"category","embeddable":true,"href":"https:\/\/diarioregionaldigital.com.br\/index.php?rest_route=%2Fwp%2Fv2%2Fcategories&post=212378"},{"taxonomy":"post_tag","embeddable":true,"href":"https:\/\/diarioregionaldigital.com.br\/index.php?rest_route=%2Fwp%2Fv2%2Ftags&post=212378"}],"curies":[{"name":"wp","href":"https:\/\/api.w.org\/{rel}","templated":true}]}}