{"id":212372,"date":"2023-04-06T20:50:30","date_gmt":"2023-04-06T23:50:30","guid":{"rendered":"https:\/\/diarioregionaldigital.com.br\/?p=212372"},"modified":"2023-04-06T20:50:30","modified_gmt":"2023-04-06T23:50:30","slug":"presidente-do-bc-diz-que-arcabouco-fiscal-evita-descontrole-da-divida","status":"publish","type":"post","link":"https:\/\/diarioregionaldigital.com.br\/?p=212372","title":{"rendered":"Presidente do BC diz que arcabou\u00e7o fiscal evita descontrole da d\u00edvida"},"content":{"rendered":"<p>O presidente do Banco Central, Roberto Campos Neto, disse hoje (5) que o arcabou\u00e7o fiscal anunciado na semana passada vai evitar descontrole da d\u00edvida p\u00fablica. \u201cO que foi feito at\u00e9 agora elimina o risco de cauda para aqueles que achavam que a d\u00edvida poderia ter uma trajet\u00f3ria mais explosiva\u201d, disse ao palestrar em um evento promovido pelo banco Bradesco, na capital paulista.<\/p>\n<p>Neto disse que tem uma avalia\u00e7\u00e3o \u201csuperpositiva\u201d das novas regras que devem substituir o teto de gastos e que reconhece o \u201cesfor\u00e7o\u201d da equipe econ\u00f4mica do governo federal.<\/p>\n<p>O presidente da autoridade monet\u00e1ria ponderou, no entanto, que ainda \u00e9 preciso saber se o texto passar\u00e1 por altera\u00e7\u00f5es no Congresso Nacional. \u201cEu acho que tem uma certa ansiedade ainda na parte das receitas, e a gente precisa observar como vai tramitar no Congresso\u201d, acrescentou.<\/p>\n<h2>Nova regra<\/h2>\n<p>A nova regra fiscal\u00a0<a href=\"https:\/\/agenciabrasil.ebc.com.br\/economia\/noticia\/2023-03\/novo-marco-fiscal-limita-alta-do-gasto-70-da-variacao-da-receita\" target=\"_blank\" rel=\"noopener\">limitar\u00e1 o crescimento da despesa a 70% da varia\u00e7\u00e3o da receita<\/a>\u00a0dos 12 meses anteriores. O novo arcabou\u00e7o combinar\u00e1 um limite de despesa mais flex\u00edvel que o teto de gastos com uma meta de resultado prim\u00e1rio (resultado das contas p\u00fablicas sem os juros da d\u00edvida p\u00fablica).<\/p>\n<p>Dentro desse percentual de 70%, haver\u00e1 um limite superior e um piso, uma banda, para a oscila\u00e7\u00e3o da despesa, com desconto do efeito da infla\u00e7\u00e3o.<\/p>\n<p>Em momentos de maior crescimento da economia, a despesa n\u00e3o poder\u00e1 crescer mais de 2,5% ao ano acima da infla\u00e7\u00e3o. Em momentos de contra\u00e7\u00e3o econ\u00f4mica, o gasto n\u00e3o poder\u00e1 crescer mais que 0,6% ao ano acima da infla\u00e7\u00e3o.<\/p>\n<h2>Infla\u00e7\u00e3o<\/h2>\n<p>Em outro evento, promovido pela Esfera Brasil, Campos Neto disse que a infla\u00e7\u00e3o no Brasil, que tem dificultado a queda na taxa b\u00e1sica de juros, tem parte da sua origem em um aumento da demanda por produtos. \u201cA gente tem a linha de servi\u00e7os voltando, o consumo de servi\u00e7os voltou para a linha de tend\u00eancia. Mas o de bens, n\u00e3o. Ele est\u00e1 muito acima da linha de tend\u00eancia. Voc\u00ea teve um deslocamento da demanda de bens que foi estrutural\u201d, analisou.<\/p>\n<p>Segundo ele, essas press\u00f5es inflacion\u00e1rias acabam se refletindo em outras \u00e1reas, como no mercado de energia. \u201cSe eu tenho um aumento na demanda de bens que \u00e9 estrutural, eu tamb\u00e9m tenho um aumento na demanda de energia que \u00e9 estrutural. Porque para o mesmo valor agregado de bens, eu consumo quase cinco vezes mais energia do que de servi\u00e7os\u201d, disse.<\/p>\n<p>O presidente do Banco Central atribuiu, em parte, esse movimento aos benef\u00edcios concedidos para conter os efeitos da pandemia de covid-19 sobre a economia. \u201cFoi colocado muito dinheiro em circula\u00e7\u00e3o atrav\u00e9s de benef\u00edcios monet\u00e1rios e fiscais. S\u00f3 de fiscais foram R$ 9 trilh\u00f5es em uma economia de R$ 80 trilh\u00f5es, mais de 10%\u201d, ressaltou.<\/p>\n<p>Campos Neto defendeu a pol\u00edtica monet\u00e1ria, que tem mantido a taxa b\u00e1sica de juros em um patamar elevado para conter a infla\u00e7\u00e3o. \u201cA gente tenta suavizar o ciclo. A gente olha para frente. A gente entende que os juros altos causam esses impactos na parte produtiva. A gente tenta suavizar isso, porque o nosso trabalho \u00e9 fazer isso na forma que cause o m\u00ednimo de dano poss\u00edvel a economia\u201d, destacou.<\/p>\n<p>De acordo com ele, apesar das dificuldades causadas na economia no momento, a pol\u00edtica monet\u00e1ria evita problemas maiores no futuro. \u201cO custo de combater a infla\u00e7\u00e3o \u00e9 muito alto e \u00e9 sentido a curto prazo. O custo de n\u00e3o combater \u00e9 muito mais alto e \u00e9 muito mais nocivo e mais perene.\u201d<\/p>\n<p><span style=\"font-weight: 400;\">Fonte: Ag\u00eancia Brasil <\/span><\/p>\n","protected":false},"excerpt":{"rendered":"<p>O presidente do Banco Central, Roberto Campos Neto, disse hoje (5) que o arcabou\u00e7o fiscal anunciado na semana passada vai evitar descontrole da d\u00edvida p\u00fablica. \u201cO que foi feito at\u00e9 agora elimina o risco de cauda para aqueles que achavam que a d\u00edvida poderia ter uma trajet\u00f3ria mais explosiva\u201d, disse ao palestrar em um evento [&hellip;]<\/p>\n","protected":false},"author":246,"featured_media":212373,"comment_status":"closed","ping_status":"closed","sticky":false,"template":"","format":"standard","meta":{"footnotes":""},"categories":[436,261,439],"tags":[],"class_list":["post-212372","post","type-post","status-publish","format-standard","has-post-thumbnail","hentry","category-destaque-da-semana","category-economia","category-ultima-hora"],"_links":{"self":[{"href":"https:\/\/diarioregionaldigital.com.br\/index.php?rest_route=\/wp\/v2\/posts\/212372","targetHints":{"allow":["GET"]}}],"collection":[{"href":"https:\/\/diarioregionaldigital.com.br\/index.php?rest_route=\/wp\/v2\/posts"}],"about":[{"href":"https:\/\/diarioregionaldigital.com.br\/index.php?rest_route=\/wp\/v2\/types\/post"}],"author":[{"embeddable":true,"href":"https:\/\/diarioregionaldigital.com.br\/index.php?rest_route=\/wp\/v2\/users\/246"}],"replies":[{"embeddable":true,"href":"https:\/\/diarioregionaldigital.com.br\/index.php?rest_route=%2Fwp%2Fv2%2Fcomments&post=212372"}],"version-history":[{"count":1,"href":"https:\/\/diarioregionaldigital.com.br\/index.php?rest_route=\/wp\/v2\/posts\/212372\/revisions"}],"predecessor-version":[{"id":212374,"href":"https:\/\/diarioregionaldigital.com.br\/index.php?rest_route=\/wp\/v2\/posts\/212372\/revisions\/212374"}],"wp:featuredmedia":[{"embeddable":true,"href":"https:\/\/diarioregionaldigital.com.br\/index.php?rest_route=\/wp\/v2\/media\/212373"}],"wp:attachment":[{"href":"https:\/\/diarioregionaldigital.com.br\/index.php?rest_route=%2Fwp%2Fv2%2Fmedia&parent=212372"}],"wp:term":[{"taxonomy":"category","embeddable":true,"href":"https:\/\/diarioregionaldigital.com.br\/index.php?rest_route=%2Fwp%2Fv2%2Fcategories&post=212372"},{"taxonomy":"post_tag","embeddable":true,"href":"https:\/\/diarioregionaldigital.com.br\/index.php?rest_route=%2Fwp%2Fv2%2Ftags&post=212372"}],"curies":[{"name":"wp","href":"https:\/\/api.w.org\/{rel}","templated":true}]}}