{"id":212340,"date":"2023-04-06T00:06:56","date_gmt":"2023-04-06T03:06:56","guid":{"rendered":"https:\/\/diarioregionaldigital.com.br\/?p=212340"},"modified":"2023-04-06T00:06:56","modified_gmt":"2023-04-06T03:06:56","slug":"pia-sundhage-reencontra-wembley-na-disputa-da-finalissima","status":"publish","type":"post","link":"https:\/\/diarioregionaldigital.com.br\/?p=212340","title":{"rendered":"Pia Sundhage reencontra Wembley na disputa da Final\u00edssima"},"content":{"rendered":"<p>A disputa da Final\u00edssima (partida entre as campe\u00e3s sul-americana e europeia) ter\u00e1 um sabor especial para Pia Sundhage. A partir das 15h45 (hor\u00e1rio de Bras\u00edlia) da pr\u00f3xima quinta-feira (6) ela retornar\u00e1 a Wembley. No ano de 1989, ent\u00e3o como jogadora da Su\u00e9cia, a atual t\u00e9cnica da sele\u00e7\u00e3o brasileira entrou para a hist\u00f3ria ao se tornar a primeira mulher a marcar um gol no m\u00edtico est\u00e1dio.<\/p>\n<p>Agora ela tem o desafio de conduzir o Brasil no desafio diante da Inglaterra, o pen\u00faltimo confronto oficial da sele\u00e7\u00e3o feminina antes da Copa do Mundo de futebol feminina, que ser\u00e1 disputada na Austr\u00e1lia e na Nova Zel\u00e2ndia entre 20 de julho e 20 de agosto.<\/p>\n<p>\u201cFaz um bom tempo que n\u00e3o retorno aqui, seja como jogadora ou como treinadora. \u00c9 \u00f3timo estar aqui, \u00e9 claro, mas acho ainda mais legal o fato de estar aqui com a sele\u00e7\u00e3o brasileira\u201d, declarou a t\u00e9cnica \u00e0 Confedera\u00e7\u00e3o Brasileira de Futebol (CBF).<\/p>\n<p>Segundo Pia, a disputa da primeira Final\u00edssima da hist\u00f3ria \u00e9 um marco para o futebol feminino. \u201cSe voc\u00ea olhar pra tr\u00e1s, hoje h\u00e1 tantas vozes e coisas que estamos fazendo pelo futebol feminino e isso come\u00e7a reverenciando o passado, mas agora o futebol feminino est\u00e1 cada vez mais importante e valioso. Somos muitas e o futebol em campo \u00e9 muito bem jogado. Este \u00e9 um momento muito especial para o futebol feminino\u201d.<\/p>\n<p>Quem tamb\u00e9m valoriza muito a partida com a Inglaterra \u00e9 a capit\u00e3 da sele\u00e7\u00e3o brasileira, a zagueira Rafaelle Souza. Segundo a jogadora do Arsenal (Inglaterra), o Brasil ter\u00e1 que saber lidar com a press\u00e3o que vir\u00e1 das arquibancadas: \u201cSer\u00e1 uma noite especial amanh\u00e3. Estou honrada por jogar aqui amanh\u00e3. Por\u00e9m, joguei no est\u00e1dio do Maracan\u00e3 diante de 70 mil pessoas nos Jogos Ol\u00edmpicos e foi incr\u00edvel. Mas amanh\u00e3 ser\u00e1 esquisito, pois n\u00e3o haver\u00e1 brasileiros nas arquibancadas. Mas haver\u00e1 muito ingleses. Sei que nestes jogos a torcida \u00e9 o 12\u00ba jogador e temos que ter cuidado com isto e n\u00e3o nos deixar influenciar pela energia da torcida. Em alguns momentos teremos que ir com calma e esperar pelos melhores momentos. Este jogo ser\u00e1 importante n\u00e3o s\u00f3 para o futebol feminino, mas para mim como jogadora, pois contarei aos meus filhos que joguei no est\u00e1dio de Wembley diante de 90 mil pessoas\u201d.<\/p>\n<p><span style=\"font-weight: 400;\">Fonte: Ag\u00eancia Brasil <\/span><\/p>\n","protected":false},"excerpt":{"rendered":"<p>A disputa da Final\u00edssima (partida entre as campe\u00e3s sul-americana e europeia) ter\u00e1 um sabor especial para Pia Sundhage. A partir das 15h45 (hor\u00e1rio de Bras\u00edlia) da pr\u00f3xima quinta-feira (6) ela retornar\u00e1 a Wembley. No ano de 1989, ent\u00e3o como jogadora da Su\u00e9cia, a atual t\u00e9cnica da sele\u00e7\u00e3o brasileira entrou para a hist\u00f3ria ao se tornar [&hellip;]<\/p>\n","protected":false},"author":246,"featured_media":212341,"comment_status":"closed","ping_status":"closed","sticky":false,"template":"","format":"standard","meta":{"footnotes":""},"categories":[436,440,257,439],"tags":[],"class_list":["post-212340","post","type-post","status-publish","format-standard","has-post-thumbnail","hentry","category-destaque-da-semana","category-destaques-do-dia","category-esporte","category-ultima-hora"],"_links":{"self":[{"href":"https:\/\/diarioregionaldigital.com.br\/index.php?rest_route=\/wp\/v2\/posts\/212340","targetHints":{"allow":["GET"]}}],"collection":[{"href":"https:\/\/diarioregionaldigital.com.br\/index.php?rest_route=\/wp\/v2\/posts"}],"about":[{"href":"https:\/\/diarioregionaldigital.com.br\/index.php?rest_route=\/wp\/v2\/types\/post"}],"author":[{"embeddable":true,"href":"https:\/\/diarioregionaldigital.com.br\/index.php?rest_route=\/wp\/v2\/users\/246"}],"replies":[{"embeddable":true,"href":"https:\/\/diarioregionaldigital.com.br\/index.php?rest_route=%2Fwp%2Fv2%2Fcomments&post=212340"}],"version-history":[{"count":1,"href":"https:\/\/diarioregionaldigital.com.br\/index.php?rest_route=\/wp\/v2\/posts\/212340\/revisions"}],"predecessor-version":[{"id":212342,"href":"https:\/\/diarioregionaldigital.com.br\/index.php?rest_route=\/wp\/v2\/posts\/212340\/revisions\/212342"}],"wp:featuredmedia":[{"embeddable":true,"href":"https:\/\/diarioregionaldigital.com.br\/index.php?rest_route=\/wp\/v2\/media\/212341"}],"wp:attachment":[{"href":"https:\/\/diarioregionaldigital.com.br\/index.php?rest_route=%2Fwp%2Fv2%2Fmedia&parent=212340"}],"wp:term":[{"taxonomy":"category","embeddable":true,"href":"https:\/\/diarioregionaldigital.com.br\/index.php?rest_route=%2Fwp%2Fv2%2Fcategories&post=212340"},{"taxonomy":"post_tag","embeddable":true,"href":"https:\/\/diarioregionaldigital.com.br\/index.php?rest_route=%2Fwp%2Fv2%2Ftags&post=212340"}],"curies":[{"name":"wp","href":"https:\/\/api.w.org\/{rel}","templated":true}]}}