{"id":212322,"date":"2023-04-05T23:52:15","date_gmt":"2023-04-06T02:52:15","guid":{"rendered":"https:\/\/diarioregionaldigital.com.br\/?p=212322"},"modified":"2023-04-05T23:52:15","modified_gmt":"2023-04-06T02:52:15","slug":"apos-ataque-governo-promete-medidas-para-promover-cultura-de-paz","status":"publish","type":"post","link":"https:\/\/diarioregionaldigital.com.br\/?p=212322","title":{"rendered":"Ap\u00f3s ataque, governo promete medidas para promover cultura de paz"},"content":{"rendered":"<p>O presidente Luiz In\u00e1cio Lula da Silva\u00a0vai assinar a cria\u00e7\u00e3o de um grupo de trabalho interministerial para propor a\u00e7\u00f5es de promo\u00e7\u00e3o \u00e0 cultura de paz e combate \u00e0 viol\u00eancia na sociedade. O an\u00fancio foi feito pelo ministro da Secretaria de Comunica\u00e7\u00e3o Social da Presid\u00eancia (Secom), Paulo Pimenta, em meio \u00e0 consterna\u00e7\u00e3o pelo\u00a0<a href=\"https:\/\/agenciabrasil.ebc.com.br\/geral\/noticia\/2023-04\/homem-invade-creche-em-blumenau-e-mata-quatro-criancas\" target=\"_blank\" rel=\"noopener\">ataque a\u00a0uma creche<\/a>, em Blumenau (SC), que resultou na morte de quatro crian\u00e7as, na manh\u00e3 desta quarta-feira (5).<\/p>\n<p>&#8220;O presidente ficou muito consternado com o que aconteceu em Blumenau e est\u00e1 acompanhando passo a passo todo o desenrolar da situa\u00e7\u00e3o&#8221;, afirmou Pimenta em conversa com jornalistas, no Pal\u00e1cio do Planalto. Segundo ele, o grupo de trabalho ser\u00e1 formado pelos minist\u00e9rios da Educa\u00e7\u00e3o, Justi\u00e7a e Seguran\u00e7a P\u00fablica, Direitos Humanos e Cidadania e Secretaria-Geral da Presid\u00eancia.<\/p>\n<p>Durante a manh\u00e3, um homem de aproximadamente 25 anos de idade invadiu a creche Cantinho Bom Pastor, em Blumenau (SC), no Vale do Itaja\u00ed, matando quatro crian\u00e7as\u00a0ferindo pelo menos outras\u00a0tr\u00eas. A Pol\u00edcia Civil informou que o autor do atentado foi preso ap\u00f3s se entregar na central de plant\u00e3o policial da regi\u00e3o.<\/p>\n<p>O atentando \u00e9 o segundo em pouco mais de uma semana. No \u00faltimo dia 27 de mar\u00e7o, a professora Elizabeth Tenreiro, 71 anos,\u00a0<a href=\"https:\/\/agenciabrasil.ebc.com.br\/geral\/noticia\/2023-03\/professora-morre-e-5-pessoas-sao-feridas-em-ataque-contra-escola-em-sp\" target=\"_blank\" rel=\"noopener\">morreu ap\u00f3s ser esfaqueada<\/a>\u00a0na Escola Estadual Thomazia Montoro, no bairro Vila S\u00f4nia, em S\u00e3o Paulo. Um adolescente de 13 anos, respons\u00e1vel pelo ataque, foi apreendido.<\/p>\n<p>O presidente Luiz In\u00e1cio Lula da Silva prestou, nesta ter\u00e7a-feira (5), condol\u00eancias \u00e0s fam\u00edlias das v\u00edtimas do atentado ocorrido na creche\u00a0de Blumenau.<\/p>\n<p>&#8220;N\u00e3o h\u00e1 dor maior que a de uma fam\u00edlia que perde seus filhos ou netos, ainda mais em um ato de viol\u00eancia contra crian\u00e7as inocentes e indefesas. Meus sentimentos e preces para as fam\u00edlias das v\u00edtimas e comunidade de Blumenau diante da monstruosidade ocorrida na creche Bom Pastor&#8221;, postou o presidente por meio de sua conta no Twitter.<\/p>\n<p>Na sequ\u00eancia, Lula disse que &#8220;para qualquer ser humano que tenha o sentimento crist\u00e3o, uma trag\u00e9dia como essa \u00e9 inaceit\u00e1vel, um comportamento, um ato absurdo de \u00f3dio e covardia como esse&#8221;.<\/p>\n<p>De acordo com o ministro Paulo Pimenta, Lula recebeu manifesta\u00e7\u00f5es de solidariedade por parte de outros l\u00edderes latino-americanos, durante uma videoconfer\u00eancia da C\u00fapula de Seguran\u00e7a Alimentar e Nutricional, com a participa\u00e7\u00e3o dos presidentes do M\u00e9xico, Argentina, Chile, Bol\u00edvia, entre outros.<\/p>\n<p><span style=\"font-weight: 400;\">Fonte: Ag\u00eancia Brasil <\/span><\/p>\n","protected":false},"excerpt":{"rendered":"<p>O presidente Luiz In\u00e1cio Lula da Silva\u00a0vai assinar a cria\u00e7\u00e3o de um grupo de trabalho interministerial para propor a\u00e7\u00f5es de promo\u00e7\u00e3o \u00e0 cultura de paz e combate \u00e0 viol\u00eancia na sociedade. O an\u00fancio foi feito pelo ministro da Secretaria de Comunica\u00e7\u00e3o Social da Presid\u00eancia (Secom), Paulo Pimenta, em meio \u00e0 consterna\u00e7\u00e3o pelo\u00a0ataque a\u00a0uma creche, em [&hellip;]<\/p>\n","protected":false},"author":246,"featured_media":212323,"comment_status":"closed","ping_status":"closed","sticky":false,"template":"","format":"standard","meta":{"footnotes":""},"categories":[302,436,440,254,439],"tags":[],"class_list":["post-212322","post","type-post","status-publish","format-standard","has-post-thumbnail","hentry","category-brasil-mundo","category-destaque-da-semana","category-destaques-do-dia","category-politica","category-ultima-hora"],"_links":{"self":[{"href":"https:\/\/diarioregionaldigital.com.br\/index.php?rest_route=\/wp\/v2\/posts\/212322","targetHints":{"allow":["GET"]}}],"collection":[{"href":"https:\/\/diarioregionaldigital.com.br\/index.php?rest_route=\/wp\/v2\/posts"}],"about":[{"href":"https:\/\/diarioregionaldigital.com.br\/index.php?rest_route=\/wp\/v2\/types\/post"}],"author":[{"embeddable":true,"href":"https:\/\/diarioregionaldigital.com.br\/index.php?rest_route=\/wp\/v2\/users\/246"}],"replies":[{"embeddable":true,"href":"https:\/\/diarioregionaldigital.com.br\/index.php?rest_route=%2Fwp%2Fv2%2Fcomments&post=212322"}],"version-history":[{"count":1,"href":"https:\/\/diarioregionaldigital.com.br\/index.php?rest_route=\/wp\/v2\/posts\/212322\/revisions"}],"predecessor-version":[{"id":212324,"href":"https:\/\/diarioregionaldigital.com.br\/index.php?rest_route=\/wp\/v2\/posts\/212322\/revisions\/212324"}],"wp:featuredmedia":[{"embeddable":true,"href":"https:\/\/diarioregionaldigital.com.br\/index.php?rest_route=\/wp\/v2\/media\/212323"}],"wp:attachment":[{"href":"https:\/\/diarioregionaldigital.com.br\/index.php?rest_route=%2Fwp%2Fv2%2Fmedia&parent=212322"}],"wp:term":[{"taxonomy":"category","embeddable":true,"href":"https:\/\/diarioregionaldigital.com.br\/index.php?rest_route=%2Fwp%2Fv2%2Fcategories&post=212322"},{"taxonomy":"post_tag","embeddable":true,"href":"https:\/\/diarioregionaldigital.com.br\/index.php?rest_route=%2Fwp%2Fv2%2Ftags&post=212322"}],"curies":[{"name":"wp","href":"https:\/\/api.w.org\/{rel}","templated":true}]}}