{"id":212316,"date":"2023-04-05T23:47:18","date_gmt":"2023-04-06T02:47:18","guid":{"rendered":"https:\/\/diarioregionaldigital.com.br\/?p=212316"},"modified":"2023-04-05T23:47:18","modified_gmt":"2023-04-06T02:47:18","slug":"governo-vai-propor-nova-politica-de-precos-para-a-petrobras","status":"publish","type":"post","link":"https:\/\/diarioregionaldigital.com.br\/?p=212316","title":{"rendered":"Governo vai propor nova pol\u00edtica de pre\u00e7os para a Petrobras"},"content":{"rendered":"<p>O ministro de Minas e Energia, Alexandre Silveira, afirmou nesta quarta-feira (5) que a Uni\u00e3o, principal acionista e controladora da Petrobras, vai propor uma nova pol\u00edtica de pre\u00e7os para a companhia com o objetivo de ajudar &#8220;a combater perdas e solavancos inflacion\u00e1rios&#8221;.<\/p>\n<p>&#8220;Vamos tratar isso com todo rigor, cuidado e sensibilidade social&#8221;, afirmou Silveira a jornalistas, no Pal\u00e1cio do Planalto, ap\u00f3s se reunir com o presidente Luiz In\u00e1cio Lula da Silva.<\/p>\n<p>Segundo o ministro, a ideia \u00e9 que uma nova pol\u00edtica de pre\u00e7os comece a ser discutida assim que tomarem posse todos os integrantes dos conselhos que dirigem a companhia, o que est\u00e1 previsto para o fim deste m\u00eas.<\/p>\n<p>&#8220;O que eu disse \u00e9 que, na assembleia geral, que ser\u00e1 feita dia 27, com o novo conselho definido, tanto o Conselho de Administra\u00e7\u00e3o quanto o Conselho Fiscal, o governo federal, como acionista majorit\u00e1rio, e como controlador da Petrobras, vai, sim, discutir qual ser\u00e1 a melhor pol\u00edtica de pre\u00e7os, para a Petrobras cumprir sua fun\u00e7\u00e3o social, que est\u00e1 na Constitui\u00e7\u00e3o, est\u00e1 na Lei das Estatais&#8221;, afirmou.<\/p>\n<p>Mais cedo, em nota, a Petrobras\u00a0<a href=\"https:\/\/agenciabrasil.ebc.com.br\/economia\/noticia\/2023-04\/petrobras-mantem-pratica-de-precos-competitivos\" target=\"_blank\" rel=\"noopener\">reafirmou o compromisso com a \u201cpr\u00e1tica de pre\u00e7os competitivos<\/a>\u00a0e em equil\u00edbrio com o mercado nacional\u201d, \u00a0evitando o repasse imediato de volatilidades externas, provocadas por agentes conjunturais, bem como de oscila\u00e7\u00f5es da taxa de c\u00e2mbio. A nota foi uma resposta indireta \u00e0s declara\u00e7\u00f5es do ministro em entrevistas.<\/p>\n<h2>Opep<\/h2>\n<p>Alexandre Silveira defendeu um papel maior da Petrobras para evitar a alta volatilidade dos pre\u00e7os internacionais de combust\u00edveis, e citou a recente decis\u00e3o dos maiores produtores mundiais de petr\u00f3leo, reunidos em torno da Organiza\u00e7\u00e3o dos Pa\u00edses Produtores de Petr\u00f3leo (Opep).<\/p>\n<p>&#8220;N\u00f3s n\u00e3o podemos [aceitar], por exemplo, que o cartel da Opep possa influenciar e esmagar o poder de compra dos brasileiros. E, portanto, o governo do presidente Lula vai ter uma linha muito clara, n\u00f3s somos acionistas majorit\u00e1rios, respeitaremos a governan\u00e7a da empresa, sua natureza jur\u00eddica, mas seremos vigorosos na defesa dos interesses do povo brasileiro&#8221;, afirmou.<\/p>\n<p>No in\u00edcio da semana, a Opep anunciou corte na produ\u00e7\u00e3o de cerca de 1 milh\u00e3o de barris de petr\u00f3leo por dia, ap\u00f3s o pre\u00e7o do produto cair para a faixa de US$ 70. A medida vai vigorar de maio at\u00e9 o fim do ano e deve elevar o pre\u00e7o do barril.<\/p>\n<h2>Derivados<\/h2>\n<p>O ministro tamb\u00e9m defendeu investimentos no parque de refino do petr\u00f3leo no pa\u00eds para ampliar autossufici\u00eancia em derivados, especialmente gasolina e \u00f3leo diesel. De acordo com Silveira, atualmente, o Brasil importa 13% da gasolina e 25% do diesel consumidos no mercado interno.<\/p>\n<p>&#8220;Ou seja, teremos que nos tornar autossustent\u00e1veis na gasolina e, no m\u00e9dio prazo, na quest\u00e3o do diesel&#8221;, afirmou, em uma refer\u00eancia \u00e0 necessidade de buscar independ\u00eancia das oscila\u00e7\u00f5es internacionais de pre\u00e7os.<\/p>\n<p>Silveira acrescentou que, para o governo federal, os custos de produ\u00e7\u00e3o da Petrobras, que s\u00e3o balizados em real, n\u00e3o podem ser calculados em d\u00f3lar, como a pol\u00edtica de pre\u00e7os atual da empresa. &#8220;A Petrobras produz em real e n\u00e3o pode ter seu custo calculado em d\u00f3lar. Isso n\u00e3o faz sentido no nosso governo&#8221;, disse.<\/p>\n<p><span style=\"font-weight: 400;\">Fonte: Ag\u00eancia Brasil <\/span><\/p>\n","protected":false},"excerpt":{"rendered":"<p>O ministro de Minas e Energia, Alexandre Silveira, afirmou nesta quarta-feira (5) que a Uni\u00e3o, principal acionista e controladora da Petrobras, vai propor uma nova pol\u00edtica de pre\u00e7os para a companhia com o objetivo de ajudar &#8220;a combater perdas e solavancos inflacion\u00e1rios&#8221;. &#8220;Vamos tratar isso com todo rigor, cuidado e sensibilidade social&#8221;, afirmou Silveira a [&hellip;]<\/p>\n","protected":false},"author":246,"featured_media":212317,"comment_status":"closed","ping_status":"closed","sticky":false,"template":"","format":"standard","meta":{"footnotes":""},"categories":[436,261,439],"tags":[],"class_list":["post-212316","post","type-post","status-publish","format-standard","has-post-thumbnail","hentry","category-destaque-da-semana","category-economia","category-ultima-hora"],"_links":{"self":[{"href":"https:\/\/diarioregionaldigital.com.br\/index.php?rest_route=\/wp\/v2\/posts\/212316","targetHints":{"allow":["GET"]}}],"collection":[{"href":"https:\/\/diarioregionaldigital.com.br\/index.php?rest_route=\/wp\/v2\/posts"}],"about":[{"href":"https:\/\/diarioregionaldigital.com.br\/index.php?rest_route=\/wp\/v2\/types\/post"}],"author":[{"embeddable":true,"href":"https:\/\/diarioregionaldigital.com.br\/index.php?rest_route=\/wp\/v2\/users\/246"}],"replies":[{"embeddable":true,"href":"https:\/\/diarioregionaldigital.com.br\/index.php?rest_route=%2Fwp%2Fv2%2Fcomments&post=212316"}],"version-history":[{"count":1,"href":"https:\/\/diarioregionaldigital.com.br\/index.php?rest_route=\/wp\/v2\/posts\/212316\/revisions"}],"predecessor-version":[{"id":212318,"href":"https:\/\/diarioregionaldigital.com.br\/index.php?rest_route=\/wp\/v2\/posts\/212316\/revisions\/212318"}],"wp:featuredmedia":[{"embeddable":true,"href":"https:\/\/diarioregionaldigital.com.br\/index.php?rest_route=\/wp\/v2\/media\/212317"}],"wp:attachment":[{"href":"https:\/\/diarioregionaldigital.com.br\/index.php?rest_route=%2Fwp%2Fv2%2Fmedia&parent=212316"}],"wp:term":[{"taxonomy":"category","embeddable":true,"href":"https:\/\/diarioregionaldigital.com.br\/index.php?rest_route=%2Fwp%2Fv2%2Fcategories&post=212316"},{"taxonomy":"post_tag","embeddable":true,"href":"https:\/\/diarioregionaldigital.com.br\/index.php?rest_route=%2Fwp%2Fv2%2Ftags&post=212316"}],"curies":[{"name":"wp","href":"https:\/\/api.w.org\/{rel}","templated":true}]}}