{"id":212140,"date":"2023-03-31T17:46:07","date_gmt":"2023-03-31T20:46:07","guid":{"rendered":"https:\/\/diarioregionaldigital.com.br\/?p=212140"},"modified":"2023-03-31T17:46:07","modified_gmt":"2023-03-31T20:46:07","slug":"governo-recebe-gestores-da-juventude-para-discutir-politicas-publicas","status":"publish","type":"post","link":"https:\/\/diarioregionaldigital.com.br\/?p=212140","title":{"rendered":"Governo recebe gestores da Juventude para discutir pol\u00edticas p\u00fablicas"},"content":{"rendered":"<p>O Secret\u00e1rio Nacional de Juventude, Ronald Luiz, fez um convite aos gestores de pol\u00edticas p\u00fablicas dos estados e munic\u00edpios brasileiros para colaborarem com a consolida\u00e7\u00e3o das pol\u00edticas nacionais da juventude no Brasil. Durante o Semin\u00e1rio Nacional de Gestores e Gestoras de Juventude, ocorrido em Bras\u00edlia (DF), Ronald Luiz explicou a import\u00e2ncia do retorno da Secretaria Nacional da\u00a0Juventude (SNJ) para o Pal\u00e1cio do Planalto com a nova estrutura da Esplanada dos Minist\u00e9rios.<\/p>\n<p>&#8220;Eu fa\u00e7o um chamado a voc\u00eas: que tipo de pol\u00edticas de juventude n\u00f3s queremos e quais s\u00e3o as metas e objetivos que precisamos alcan\u00e7ar, para que a pol\u00edtica nacional da juventude seja plena para todos e todas? A juventude enfrenta os mais altos \u00edndices de desemprego da nossa hist\u00f3ria&#8221;, exemplificou o secret\u00e1rio. De acordo com ele, diferentes programas da SNJ foram interrompidos, descontinuados ou tiveram quedas no desempenho, como o ID Jovem, documento gratuito que permite aos jovens de baixa renda o acesso a benef\u00edcios garantidos pelo Estatuto da Juventude &#8211; e que teria capacidade para atender 18 milh\u00f5es de pessoas mas atualmente s\u00f3 contempla 430 mil jovens.<\/p>\n<p>&#8220;Infelizmente a gente vai entrar no marco da comemora\u00e7\u00e3o dos 10 anos do Estatuto da Juventude [institu\u00eddo em agosto de 2013] sem muita coisa para celebrar. N\u00f3s n\u00e3o avan\u00e7amos absolutamente quase nada em todos os direitos constantes ali, isso quando n\u00e3o regredimos&#8221;, disse, convidando os presentes a se comprometerem com uma estrat\u00e9gia comum de desenvolvimento das pol\u00edticas de juventude.<\/p>\n<blockquote><p>&#8220;A gente precisa refletir porque o \u00edndice de jovens brancos assassinados reduz no nosso pa\u00eds, mas o \u00edndice de jovens negros permanece crescendo. Isso significa que somos maus e nos colocamos em espa\u00e7os de viol\u00eancia ou que \u00e9 um problema estrutural?&#8221;, questionou.<\/p><\/blockquote>\n<p>Representando o ministro da Secretaria-Geral da Presid\u00eancia da Rep\u00fablica, M\u00e1rcio Mac\u00eado, a secret\u00e1ria-executiva Maria Fernanda Coelho refor\u00e7ou o compromisso do Poder Executivo de implementar as pol\u00edticas p\u00fablicas necess\u00e1rias ao pr\u00f3ximo ciclo da juventude.<\/p>\n<p>&#8220;N\u00f3s estamos com a responsabilidade da participa\u00e7\u00e3o social. E a gente sabe que essa mobiliza\u00e7\u00e3o passa fundamentalmente pela mobiliza\u00e7\u00e3o da juventude&#8221;, afirmou. &#8220;Contem com o nosso minist\u00e9rio e contem com a perspectiva de retomarmos o or\u00e7amento, porque o tema do or\u00e7amento p\u00fablico \u00e9 fundamental para que essas pol\u00edticas aconte\u00e7am&#8221;, concluiu a secret\u00e1ria-executiva.<\/p>\n<h2>Semin\u00e1rio<\/h2>\n<p>Promovido pela Secretaria-Geral da Presid\u00eancia da Rep\u00fablica, \u00e0 qual a SNJ est\u00e1 subordinada, o Semin\u00e1rio Nacional de Gestores e Gestoras de Juventude se iniciou nesta quinta-feira (30), Dia Mundial da Juventude, e deve reunir cerca de 200 pessoas\u00a0at\u00e9 amanh\u00e3 (31).<\/p>\n<p>O evento simboliza a retomada do di\u00e1logo do governo com atores de todos os segmentos envolvidos com a tem\u00e1tica e marca o retorno da SNJ como porta de entrada para a participa\u00e7\u00e3o social nas pol\u00edticas p\u00fablicas para o setor.<\/p>\n<p>Antes da fala dos secret\u00e1rios, os gestores foram apresentados a dois projetos voltados \u00e0\u00a0capacita\u00e7\u00e3o para o mercado e \u00e0 sa\u00fade dos jovens: o Co.liga e a Agenda Jovem, da Funda\u00e7\u00e3o Oswaldo Cruz (Fiocruz), respectivamente.<\/p>\n<p><span style=\"font-weight: 400;\">Fonte: Ag\u00eancia Brasil <\/span><\/p>\n","protected":false},"excerpt":{"rendered":"<p>O Secret\u00e1rio Nacional de Juventude, Ronald Luiz, fez um convite aos gestores de pol\u00edticas p\u00fablicas dos estados e munic\u00edpios brasileiros para colaborarem com a consolida\u00e7\u00e3o das pol\u00edticas nacionais da juventude no Brasil. Durante o Semin\u00e1rio Nacional de Gestores e Gestoras de Juventude, ocorrido em Bras\u00edlia (DF), Ronald Luiz explicou a import\u00e2ncia do retorno da Secretaria [&hellip;]<\/p>\n","protected":false},"author":246,"featured_media":212141,"comment_status":"closed","ping_status":"closed","sticky":false,"template":"","format":"standard","meta":{"footnotes":""},"categories":[436,440,254,439],"tags":[],"class_list":["post-212140","post","type-post","status-publish","format-standard","has-post-thumbnail","hentry","category-destaque-da-semana","category-destaques-do-dia","category-politica","category-ultima-hora"],"_links":{"self":[{"href":"https:\/\/diarioregionaldigital.com.br\/index.php?rest_route=\/wp\/v2\/posts\/212140","targetHints":{"allow":["GET"]}}],"collection":[{"href":"https:\/\/diarioregionaldigital.com.br\/index.php?rest_route=\/wp\/v2\/posts"}],"about":[{"href":"https:\/\/diarioregionaldigital.com.br\/index.php?rest_route=\/wp\/v2\/types\/post"}],"author":[{"embeddable":true,"href":"https:\/\/diarioregionaldigital.com.br\/index.php?rest_route=\/wp\/v2\/users\/246"}],"replies":[{"embeddable":true,"href":"https:\/\/diarioregionaldigital.com.br\/index.php?rest_route=%2Fwp%2Fv2%2Fcomments&post=212140"}],"version-history":[{"count":1,"href":"https:\/\/diarioregionaldigital.com.br\/index.php?rest_route=\/wp\/v2\/posts\/212140\/revisions"}],"predecessor-version":[{"id":212142,"href":"https:\/\/diarioregionaldigital.com.br\/index.php?rest_route=\/wp\/v2\/posts\/212140\/revisions\/212142"}],"wp:featuredmedia":[{"embeddable":true,"href":"https:\/\/diarioregionaldigital.com.br\/index.php?rest_route=\/wp\/v2\/media\/212141"}],"wp:attachment":[{"href":"https:\/\/diarioregionaldigital.com.br\/index.php?rest_route=%2Fwp%2Fv2%2Fmedia&parent=212140"}],"wp:term":[{"taxonomy":"category","embeddable":true,"href":"https:\/\/diarioregionaldigital.com.br\/index.php?rest_route=%2Fwp%2Fv2%2Fcategories&post=212140"},{"taxonomy":"post_tag","embeddable":true,"href":"https:\/\/diarioregionaldigital.com.br\/index.php?rest_route=%2Fwp%2Fv2%2Ftags&post=212140"}],"curies":[{"name":"wp","href":"https:\/\/api.w.org\/{rel}","templated":true}]}}