{"id":212134,"date":"2023-03-31T17:39:45","date_gmt":"2023-03-31T20:39:45","guid":{"rendered":"https:\/\/diarioregionaldigital.com.br\/?p=212134"},"modified":"2023-03-31T17:39:45","modified_gmt":"2023-03-31T20:39:45","slug":"taxa-de-desocupacao-fica-em-86-no-trimestre-encerrado-em-fevereiro","status":"publish","type":"post","link":"https:\/\/diarioregionaldigital.com.br\/?p=212134","title":{"rendered":"Taxa de desocupa\u00e7\u00e3o fica em 8,6% no trimestre encerrado em fevereiro"},"content":{"rendered":"<p>A taxa de desocupa\u00e7\u00e3o no pa\u00eds ficou em 8,6% no trimestre encerrado em fevereiro deste ano. Na compara\u00e7\u00e3o com o trimestre conclu\u00eddo\u00a0em novembro de 2022, foi registrada\u00a0alta de 0,5 ponto percentual, uma vez que a taxa era de 8,1%. Houve, no entanto, queda de 2,6 pontos percentuais na compara\u00e7\u00e3o com o trimestre encerrado em fevereiro de 2022 (11,2%).<\/p>\n<p>A popula\u00e7\u00e3o desocupada ficou em 9,2 milh\u00f5es de pessoas em fevereiro deste ano, 5,5% a mais que em novembro (mais 483 mil pessoas), mas 23,2% a menos que em fevereiro de 2022 (menos 2,8 milh\u00f5es de pessoas).<\/p>\n<p>O contingente de popula\u00e7\u00e3o ocupada (98,1 milh\u00f5es) recuou 1,6% (menos 1,6 milh\u00e3o) em rela\u00e7\u00e3o a novembro, mas avan\u00e7ou 3% (mais 2,9 milh\u00f5es) ante fevereiro do ano passado. O\u00a0n\u00edvel da ocupa\u00e7\u00e3o, ou seja, o percentual de ocupados em rela\u00e7\u00e3o \u00e0 popula\u00e7\u00e3o em idade de trabalhar, ficou em 56,4%, menos que em novembro (57,4%) mas superior aos 55,2% de fevereiro de 2022.<\/p>\n<p>O\u00a0rendimento real habitual\u00a0(R$ 2.853) ficou est\u00e1vel frente a novembro e cresceu 7,5% na compara\u00e7\u00e3o com fevereiro de 2022. A\u00a0massa de rendimento real habitual\u00a0(R$ 275,5 bilh\u00f5es) tamb\u00e9m ficou est\u00e1vel frente a novembro, mas cresceu 11,4% na compara\u00e7\u00e3o com fevereiro de 2022.<\/p>\n<h2>Carteira assinada<\/h2>\n<p>A taxa de informalidade ficou em 38,9% da popula\u00e7\u00e3o ocupada, a mesma taxa<span id=\"OBJ_PREFIX_DWT427_com_zimbra_date\" role=\"link\">\u00a0de novembro<\/span>\u00a0mas inferior aos 40,2% de fevereiro do ano passado.<\/p>\n<p>O n\u00famero de\u00a0empregados com carteira de trabalho\u00a0assinada no setor privado (sem contar trabalhadores\u00a0<span id=\"OBJ_PREFIX_DWT428_com_zimbra_date\" role=\"link\">dom<\/span>\u00e9sticos) ficou est\u00e1vel ante novembro e cresceu 6,4% em rela\u00e7\u00e3o a fevereiro do ano passado.<\/p>\n<p>O n\u00famero de\u00a0empregados sem carteira\u00a0assinada no setor privado caiu 2,6% ante novembro e subiu 5,5% na compara\u00e7\u00e3o com fevereiro de 2022. Os trabalhadores por conta pr\u00f3pria\u00a0ca\u00edram 1,2% ante novembro e o \u00edndice ficou est\u00e1vel ante fevereiro.<\/p>\n<h2>Subutiliza\u00e7\u00e3o<\/h2>\n<p>A\u00a0popula\u00e7\u00e3o subutilizada, ou seja, aquela que est\u00e1 desocupada ou que poderia trabalhar mais do que trabalha, chegou a 21,6 milh\u00f5es, est\u00e1vel ante novembro, mas 20,7% abaixo da observada em fevereiro de 2022. A taxa de subutiliza\u00e7\u00e3o (18,8%) ficou est\u00e1vel em rela\u00e7\u00e3o a novembro e caiu 4,7 pontos percentuais em rela\u00e7\u00e3o a\u00a0fevereiro de 2022.<\/p>\n<p>A\u00a0popula\u00e7\u00e3o desalentada, ou seja, aquela\u00a0que gostaria de trabalhar e estava\u00a0dispon\u00edvel\u00a0mas n\u00e3o buscou\u00a0trabalho por v\u00e1rios motivos, chegou a 4 milh\u00f5es de pessoas, est\u00e1vel em rela\u00e7\u00e3o a\u00a0<span id=\"OBJ_PREFIX_DWT429_com_zimbra_date\" role=\"link\">novembro e 16<\/span>% a menos que em fevereiro do ano passado.<\/p>\n<p>O\u00a0percentual de desalentados\u00a0na for\u00e7a de trabalho ou desalentada (3,6%) tamb\u00e9m ficou est\u00e1vel na compara\u00e7\u00e3o com novembro e caiu 0,7 ponto percentual em rela\u00e7\u00e3o a fevereiro de 2022.<\/p>\n<p><span style=\"font-weight: 400;\">Fonte: Ag\u00eancia Brasil\u00a0<\/span><span style=\"font-weight: 400;\"><br \/>\n<\/span><\/p>\n","protected":false},"excerpt":{"rendered":"<p>A taxa de desocupa\u00e7\u00e3o no pa\u00eds ficou em 8,6% no trimestre encerrado em fevereiro deste ano. Na compara\u00e7\u00e3o com o trimestre conclu\u00eddo\u00a0em novembro de 2022, foi registrada\u00a0alta de 0,5 ponto percentual, uma vez que a taxa era de 8,1%. Houve, no entanto, queda de 2,6 pontos percentuais na compara\u00e7\u00e3o com o trimestre encerrado em fevereiro [&hellip;]<\/p>\n","protected":false},"author":246,"featured_media":212135,"comment_status":"closed","ping_status":"closed","sticky":false,"template":"","format":"standard","meta":{"footnotes":""},"categories":[436,254,439],"tags":[],"class_list":["post-212134","post","type-post","status-publish","format-standard","has-post-thumbnail","hentry","category-destaque-da-semana","category-politica","category-ultima-hora"],"_links":{"self":[{"href":"https:\/\/diarioregionaldigital.com.br\/index.php?rest_route=\/wp\/v2\/posts\/212134","targetHints":{"allow":["GET"]}}],"collection":[{"href":"https:\/\/diarioregionaldigital.com.br\/index.php?rest_route=\/wp\/v2\/posts"}],"about":[{"href":"https:\/\/diarioregionaldigital.com.br\/index.php?rest_route=\/wp\/v2\/types\/post"}],"author":[{"embeddable":true,"href":"https:\/\/diarioregionaldigital.com.br\/index.php?rest_route=\/wp\/v2\/users\/246"}],"replies":[{"embeddable":true,"href":"https:\/\/diarioregionaldigital.com.br\/index.php?rest_route=%2Fwp%2Fv2%2Fcomments&post=212134"}],"version-history":[{"count":1,"href":"https:\/\/diarioregionaldigital.com.br\/index.php?rest_route=\/wp\/v2\/posts\/212134\/revisions"}],"predecessor-version":[{"id":212136,"href":"https:\/\/diarioregionaldigital.com.br\/index.php?rest_route=\/wp\/v2\/posts\/212134\/revisions\/212136"}],"wp:featuredmedia":[{"embeddable":true,"href":"https:\/\/diarioregionaldigital.com.br\/index.php?rest_route=\/wp\/v2\/media\/212135"}],"wp:attachment":[{"href":"https:\/\/diarioregionaldigital.com.br\/index.php?rest_route=%2Fwp%2Fv2%2Fmedia&parent=212134"}],"wp:term":[{"taxonomy":"category","embeddable":true,"href":"https:\/\/diarioregionaldigital.com.br\/index.php?rest_route=%2Fwp%2Fv2%2Fcategories&post=212134"},{"taxonomy":"post_tag","embeddable":true,"href":"https:\/\/diarioregionaldigital.com.br\/index.php?rest_route=%2Fwp%2Fv2%2Ftags&post=212134"}],"curies":[{"name":"wp","href":"https:\/\/api.w.org\/{rel}","templated":true}]}}