{"id":212122,"date":"2023-03-31T06:00:23","date_gmt":"2023-03-31T09:00:23","guid":{"rendered":"https:\/\/diarioregionaldigital.com.br\/?p=212122"},"modified":"2023-03-31T16:31:24","modified_gmt":"2023-03-31T19:31:24","slug":"o-principio-da-moderacao","status":"publish","type":"post","link":"https:\/\/diarioregionaldigital.com.br\/?p=212122","title":{"rendered":"O Princ\u00edpio da Modera\u00e7\u00e3o"},"content":{"rendered":"<p>A B\u00edblia sempre recomenda a modera\u00e7\u00e3o dando ordens claras e expl\u00edcitas em favor do autocontrole:<\/p>\n<p>&#8220;\u2018Quando voc\u00eas ficarem irados, n\u00e3o pequem\u2019. Apazig\u00fcem a sua ira antes que o sol se ponha, e n\u00e3o d\u00eaem lugar ao diabo\u201d (Ef\u00e9sios 4: 26, 27).<\/p>\n<p>\u201cMeus amados irm\u00e3os, tenham isto em mente: Sejam todos prontos para ouvir, tardios para falar e tardios para irar-se\u201d (Tiago 1: 19).<\/p>\n<p>As Escrituras associam o descontrole emocional \u00e0 tolice:<\/p>\n<p>\u201cO tolo d\u00e1 vaz\u00e3o \u00e0 sua ira, mas o s\u00e1bio domina-se\u201d (Prov\u00e9rbios 29: 11).<\/p>\n<p>\u201cN\u00e3o permita que a ira domine depressa o seu esp\u00edrito, pois a ira se aloja no \u00edntimo dos tolos\u201d (Eclesiastes 7: 9)<\/p>\n<p>A Sabedoria Divina tamb\u00e9m alerta sobre os riscos de deixar-se contaminar por pessoas descontroladas:<\/p>\n<p>\u201cN\u00e3o se associe com quem vive de mau humor, nem ande em companhia de quem facilmente se ira; do contr\u00e1rio voc\u00ea acabar\u00e1 imitando essa conduta e cair\u00e1 em armadilha mortal\u201d (Prov\u00e9rbios 22: 24, 25).<\/p>\n<p>A Palavra de Deus ainda real\u00e7a seus poss\u00edveis efeitos:<\/p>\n<p>\u201cEvite a ira e rejeite a f\u00faria; n\u00e3o se irrite: isso s\u00f3 leva ao mal\u201d (Salmos 37: 8).<\/p>\n<p>Uma caracter\u00edstica t\u00edpica do ser humano (ou pelo menos deveria ser) \u00e9 a capacidade de controlar-se.<\/p>\n<p>Quem n\u00e3o controla seus \u00edmpetos, no instante em que d\u00e1 vaz\u00e3o ao que o impele a agir, iguala-se a qualquer animal irracional. Pois a raz\u00e3o humana expressa-se no autocontrole.<\/p>\n<p>A capacidade de dominar-se \u00e9 o princ\u00edpio e alicerce da assim chamada civiliza\u00e7\u00e3o.<\/p>\n<p>Uma caracter\u00edstica t\u00edpica do Crist\u00e3o (ou pelo menos deveria ser) \u00e9 a capacidade de domar seus impulsos.<\/p>\n<p>Os arrebatamentos que explodem em ira, raiva ou c\u00f3lera devem ser neutralizados antes que venham a causar danos, n\u00e3o ao outro t\u00e3o somente, mas a si mesmo.<\/p>\n<p>N\u00e3o conv\u00e9m que o Crist\u00e3o seja autor de qualquer tipo de viol\u00eancia como brigar, gritar, xingar ou ir para as vias de fato. O cora\u00e7\u00e3o santo n\u00e3o acolhe nenhum sentimento de revanche ou vingan\u00e7a. N\u00e3o aceita ceder aos caprichos do \u00f3dio, antipatia ou intoler\u00e2ncia. Tamb\u00e9m \u00e9 inadmiss\u00edvel desenvolver rivalidades contra quem quer que seja, nem deixar brotar alguma raiz de amargura.<\/p>\n<p>Tais disposi\u00e7\u00f5es diversas da postura autenticamente crist\u00e3 t\u00eam na base algum tipo de ira n\u00e3o controlada. Ela prejudica outros, por\u00e9m, antes e com mais intensidade, danifica a pr\u00f3pria pessoa.<\/p>\n<p>Portanto, para que nada disso ocorra, para que a ira jamais incendeie todo o corpo e a alma, o Crist\u00e3o precisa ser mais racional que qualquer outro. Al\u00e9m de ter bom senso para lidar com as adversidades da vida, como se requer de qualquer pessoa civilizada, deve ter a toler\u00e2ncia como princ\u00edpio de conduta.<\/p>\n<p>O Crist\u00e3o \u00e9 aquele que ama ao pr\u00f3ximo mesmo sendo afrontado, defraudado, prejudicado, contradito, porque sabe que sua miss\u00e3o \u00e9 ser mais e melhor, \u00e9 possuir a sabedoria de Cristo que exige de cada um de n\u00f3s desenvolver o dom de dominar-se.<\/p>\n","protected":false},"excerpt":{"rendered":"<p>A B\u00edblia sempre recomenda a modera\u00e7\u00e3o dando ordens claras e expl\u00edcitas em favor do autocontrole: &#8220;\u2018Quando voc\u00eas ficarem irados, n\u00e3o pequem\u2019. Apazig\u00fcem a sua ira antes que o sol se ponha, e n\u00e3o d\u00eaem lugar ao diabo\u201d (Ef\u00e9sios 4: 26, 27). \u201cMeus amados irm\u00e3os, tenham isto em mente: Sejam todos prontos para ouvir, tardios para [&hellip;]<\/p>\n","protected":false},"author":96,"featured_media":0,"comment_status":"closed","ping_status":"closed","sticky":false,"template":"","format":"standard","meta":{"footnotes":""},"categories":[1244],"tags":[],"class_list":["post-212122","post","type-post","status-publish","format-standard","hentry","category-oleg-abramov"],"_links":{"self":[{"href":"https:\/\/diarioregionaldigital.com.br\/index.php?rest_route=\/wp\/v2\/posts\/212122","targetHints":{"allow":["GET"]}}],"collection":[{"href":"https:\/\/diarioregionaldigital.com.br\/index.php?rest_route=\/wp\/v2\/posts"}],"about":[{"href":"https:\/\/diarioregionaldigital.com.br\/index.php?rest_route=\/wp\/v2\/types\/post"}],"author":[{"embeddable":true,"href":"https:\/\/diarioregionaldigital.com.br\/index.php?rest_route=\/wp\/v2\/users\/96"}],"replies":[{"embeddable":true,"href":"https:\/\/diarioregionaldigital.com.br\/index.php?rest_route=%2Fwp%2Fv2%2Fcomments&post=212122"}],"version-history":[{"count":2,"href":"https:\/\/diarioregionaldigital.com.br\/index.php?rest_route=\/wp\/v2\/posts\/212122\/revisions"}],"predecessor-version":[{"id":212126,"href":"https:\/\/diarioregionaldigital.com.br\/index.php?rest_route=\/wp\/v2\/posts\/212122\/revisions\/212126"}],"wp:attachment":[{"href":"https:\/\/diarioregionaldigital.com.br\/index.php?rest_route=%2Fwp%2Fv2%2Fmedia&parent=212122"}],"wp:term":[{"taxonomy":"category","embeddable":true,"href":"https:\/\/diarioregionaldigital.com.br\/index.php?rest_route=%2Fwp%2Fv2%2Fcategories&post=212122"},{"taxonomy":"post_tag","embeddable":true,"href":"https:\/\/diarioregionaldigital.com.br\/index.php?rest_route=%2Fwp%2Fv2%2Ftags&post=212122"}],"curies":[{"name":"wp","href":"https:\/\/api.w.org\/{rel}","templated":true}]}}