{"id":212118,"date":"2023-03-31T01:11:35","date_gmt":"2023-03-31T04:11:35","guid":{"rendered":"https:\/\/diarioregionaldigital.com.br\/?p=212118"},"modified":"2023-03-31T16:31:01","modified_gmt":"2023-03-31T19:31:01","slug":"edital-de-municipio-de-santana-de-cataguases","status":"publish","type":"post","link":"https:\/\/diarioregionaldigital.com.br\/?p=212118","title":{"rendered":"Edital de Municipio de Santana de Cataguases"},"content":{"rendered":"<p>Requerente Rog\u00e9rio de Oliveira Bastos cujo nome Fantasia \u00e9 Madeireira Vit\u00f3ria, por determina\u00e7\u00e3o da Superintend\u00eancia Regional de Meio Ambiente Zona da Mata, torna p\u00fablico que solicitou, por meio do Processo Administrativo Solicita\u00e7\u00e3o n\u00ba 2023.03.01.003.0004151, Licen\u00e7a Ambiental Concomitante \u2013 LAC 1 (LP+LI+LO) para atividade de Tratamento qu\u00edmico para preserva\u00e7\u00e3o de madeira, enquadrada sob o c\u00f3digo B-10-07-0 da Delibera\u00e7\u00e3o Normativa 217 de 2017, no munic\u00edpio de Santana de Cataguases.<\/p>\n","protected":false},"excerpt":{"rendered":"<p>Requerente Rog\u00e9rio de Oliveira Bastos cujo nome Fantasia \u00e9 Madeireira Vit\u00f3ria, por determina\u00e7\u00e3o da Superintend\u00eancia Regional de Meio Ambiente Zona da Mata, torna p\u00fablico que solicitou, por meio do Processo Administrativo Solicita\u00e7\u00e3o n\u00ba 2023.03.01.003.0004151, Licen\u00e7a Ambiental Concomitante \u2013 LAC 1 (LP+LI+LO) para atividade de Tratamento qu\u00edmico para preserva\u00e7\u00e3o de madeira, enquadrada sob o c\u00f3digo B-10-07-0 [&hellip;]<\/p>\n","protected":false},"author":96,"featured_media":0,"comment_status":"closed","ping_status":"closed","sticky":false,"template":"","format":"standard","meta":{"footnotes":""},"categories":[307],"tags":[],"class_list":["post-212118","post","type-post","status-publish","format-standard","hentry","category-editais"],"_links":{"self":[{"href":"https:\/\/diarioregionaldigital.com.br\/index.php?rest_route=\/wp\/v2\/posts\/212118","targetHints":{"allow":["GET"]}}],"collection":[{"href":"https:\/\/diarioregionaldigital.com.br\/index.php?rest_route=\/wp\/v2\/posts"}],"about":[{"href":"https:\/\/diarioregionaldigital.com.br\/index.php?rest_route=\/wp\/v2\/types\/post"}],"author":[{"embeddable":true,"href":"https:\/\/diarioregionaldigital.com.br\/index.php?rest_route=\/wp\/v2\/users\/96"}],"replies":[{"embeddable":true,"href":"https:\/\/diarioregionaldigital.com.br\/index.php?rest_route=%2Fwp%2Fv2%2Fcomments&post=212118"}],"version-history":[{"count":2,"href":"https:\/\/diarioregionaldigital.com.br\/index.php?rest_route=\/wp\/v2\/posts\/212118\/revisions"}],"predecessor-version":[{"id":212125,"href":"https:\/\/diarioregionaldigital.com.br\/index.php?rest_route=\/wp\/v2\/posts\/212118\/revisions\/212125"}],"wp:attachment":[{"href":"https:\/\/diarioregionaldigital.com.br\/index.php?rest_route=%2Fwp%2Fv2%2Fmedia&parent=212118"}],"wp:term":[{"taxonomy":"category","embeddable":true,"href":"https:\/\/diarioregionaldigital.com.br\/index.php?rest_route=%2Fwp%2Fv2%2Fcategories&post=212118"},{"taxonomy":"post_tag","embeddable":true,"href":"https:\/\/diarioregionaldigital.com.br\/index.php?rest_route=%2Fwp%2Fv2%2Ftags&post=212118"}],"curies":[{"name":"wp","href":"https:\/\/api.w.org\/{rel}","templated":true}]}}