{"id":212114,"date":"2023-03-31T00:05:16","date_gmt":"2023-03-31T03:05:16","guid":{"rendered":"https:\/\/diarioregionaldigital.com.br\/?p=212114"},"modified":"2023-03-31T00:06:31","modified_gmt":"2023-03-31T03:06:31","slug":"sindicato-de-sao-joao-nepomuceno-sisep-sjn-31-03-2023","status":"publish","type":"post","link":"https:\/\/diarioregionaldigital.com.br\/?p=212114","title":{"rendered":"Sindicato de S\u00e3o Jo\u00e3o Nepomuceno &#8211; SISEP SJN &#8211; 31\/03\/2023"},"content":{"rendered":"<p style=\"text-align: center;\"><strong>AVISO RESUMIDO DO EDITAL DE CONVOCA\u00c7\u00c3O DAS ELEI\u00c7\u00d5ES PARA DIRETORIA E CONSELHO FISCAL DO <u>SINDICATO DOS SERVIDORES P\u00daBLICOS DE S\u00c3O JO\u00c3O NEPOMUCENO- SISEP SJN<\/u><\/strong><\/p>\n<p><em><u>O SINDICATO DOS SERVIDORES P\u00daBLICOS MUNICIPAIS DE S\u00c3O JO\u00c3O NEPOMUCENO \u2013 SISEP SJN<\/u><\/em><em>, neste ato representado por seu presidente: LUCIANO NORBERTO BINTENCOURT, sediado na Rua Cel. Jos\u00e9 Dutra, n\u00ba 487 \u2013 sala 02, Bairro: Centro, Cidade: S\u00e3o Jo\u00e3o Nepomuceno\/MG, CEP:36.680.099, devidamente inscrita no CNPJ sob o n. 26.124.214\/0001-63, entidade representativa de primeiro grau dos servidores municipais do munic\u00edpio de S\u00e3o Jo\u00e3o Nepomuceno, Rochedo de Minas, Guarani, Descoberto e Rio Novo.\u00a0 <\/em>Pelo presente aviso resumido de edital, <u>faz saber que no dia 22 de julho, no per\u00edodo de 08h00 \u00e0s 14h00, na sede desta entidade, ser\u00e1 realizada elei\u00e7\u00e3o para composi\u00e7\u00e3o da Diretoria Colegiada e Conselho Fiscal, bem como Suplentes<\/u>, ficando aberto o <u>prazo de 20 dias para o registro de chapas, que correr\u00e1 a contar do dia seguinte \u00e0 publica\u00e7\u00e3o deste Aviso Resumido de Edital<\/u>, nos termos do Artigo 42 do Estatuto. O requerimento acompanhado de todos os documentos exigidos para o registro ser\u00e1 dirigido \u00e0 Direitoria da entidade, podendo ser assinado por qualquer dos candidatos componentes da chapa. A secretaria da entidade funcionar\u00e1 no per\u00edodo destinado ao registro de chapas, no hor\u00e1rio das 08h00min \u00e0s 12h00min e de 13h30min \u00e0s 17h30min, de segunda a sexta-feira, onde se encontrar\u00e1 \u00e0 disposi\u00e7\u00e3o dos interessados pessoa habilitada para atendimento, presta\u00e7\u00e3o de informa\u00e7\u00f5es concernentes ao processo eleitoral, recebimento de documenta\u00e7\u00e3o e fornecimento do correspondente recibo. Caso n\u00e3o seja obtido <em>\u201cquorum\u201d<\/em> necess\u00e1rio, a elei\u00e7\u00e3o, em segunda convoca\u00e7\u00e3o, <u>ser\u00e1 realizada, na sede da entidade, no dia 29 de julho de 2.023, no per\u00edodo de 08h00 \u00e0s 14h00<\/u>, persistindo a aus\u00eancia de <em>\u201cqu\u00f3rum\u201d<\/em>, a elei\u00e7\u00e3o, em terceira e \u00faltima convoca\u00e7\u00e3o, <u>ser\u00e1 realizada, na sede da entidade, no dia 05 de agosto de 2.023, no per\u00edodo de 08h00 \u00e0s 14h00<\/u>. Em caso de empate entre as chapas mais votadas, nova elei\u00e7\u00e3o <u>ser\u00e1 realizada, na sede da entidade, no dia 19 de agosto de 2.023, no per\u00edodo de 08h00 \u00e0s 14h00<\/u> A vers\u00e3o completa do edital est\u00e1 dispon\u00edvel, para quem se interessar, na secretaria do Sindicado, localizada na sede do mesmo. S\u00e3o Jo\u00e3o Nepomuceno-MG 27 de mar\u00e7o de 2023. Luciano Norberto Bitencourt (Presidente do SISEP-SJN)<\/p>\n","protected":false},"excerpt":{"rendered":"<p>AVISO RESUMIDO DO EDITAL DE CONVOCA\u00c7\u00c3O DAS ELEI\u00c7\u00d5ES PARA DIRETORIA E CONSELHO FISCAL DO SINDICATO DOS SERVIDORES P\u00daBLICOS DE S\u00c3O JO\u00c3O NEPOMUCENO- SISEP SJN O SINDICATO DOS SERVIDORES P\u00daBLICOS MUNICIPAIS DE S\u00c3O JO\u00c3O NEPOMUCENO \u2013 SISEP SJN, neste ato representado por seu presidente: LUCIANO NORBERTO BINTENCOURT, sediado na Rua Cel. Jos\u00e9 Dutra, n\u00ba 487 \u2013 [&hellip;]<\/p>\n","protected":false},"author":96,"featured_media":0,"comment_status":"closed","ping_status":"closed","sticky":false,"template":"","format":"standard","meta":{"footnotes":""},"categories":[307],"tags":[],"class_list":["post-212114","post","type-post","status-publish","format-standard","hentry","category-editais"],"_links":{"self":[{"href":"https:\/\/diarioregionaldigital.com.br\/index.php?rest_route=\/wp\/v2\/posts\/212114","targetHints":{"allow":["GET"]}}],"collection":[{"href":"https:\/\/diarioregionaldigital.com.br\/index.php?rest_route=\/wp\/v2\/posts"}],"about":[{"href":"https:\/\/diarioregionaldigital.com.br\/index.php?rest_route=\/wp\/v2\/types\/post"}],"author":[{"embeddable":true,"href":"https:\/\/diarioregionaldigital.com.br\/index.php?rest_route=\/wp\/v2\/users\/96"}],"replies":[{"embeddable":true,"href":"https:\/\/diarioregionaldigital.com.br\/index.php?rest_route=%2Fwp%2Fv2%2Fcomments&post=212114"}],"version-history":[{"count":1,"href":"https:\/\/diarioregionaldigital.com.br\/index.php?rest_route=\/wp\/v2\/posts\/212114\/revisions"}],"predecessor-version":[{"id":212115,"href":"https:\/\/diarioregionaldigital.com.br\/index.php?rest_route=\/wp\/v2\/posts\/212114\/revisions\/212115"}],"wp:attachment":[{"href":"https:\/\/diarioregionaldigital.com.br\/index.php?rest_route=%2Fwp%2Fv2%2Fmedia&parent=212114"}],"wp:term":[{"taxonomy":"category","embeddable":true,"href":"https:\/\/diarioregionaldigital.com.br\/index.php?rest_route=%2Fwp%2Fv2%2Fcategories&post=212114"},{"taxonomy":"post_tag","embeddable":true,"href":"https:\/\/diarioregionaldigital.com.br\/index.php?rest_route=%2Fwp%2Fv2%2Ftags&post=212114"}],"curies":[{"name":"wp","href":"https:\/\/api.w.org\/{rel}","templated":true}]}}