{"id":212105,"date":"2023-03-30T17:53:59","date_gmt":"2023-03-30T20:53:59","guid":{"rendered":"https:\/\/diarioregionaldigital.com.br\/?p=212105"},"modified":"2023-03-30T17:53:59","modified_gmt":"2023-03-30T20:53:59","slug":"prefeitura-inicia-revitalizacao-dos-canteiros-centrais-da-avenida-rio-branco","status":"publish","type":"post","link":"https:\/\/diarioregionaldigital.com.br\/?p=212105","title":{"rendered":"Prefeitura inicia revitaliza\u00e7\u00e3o dos canteiros centrais da Avenida Rio Branco"},"content":{"rendered":"<p>Segundo informa\u00e7\u00f5es do site da Prefeitura de Juiz de Fora (PJF), a PJF, por meio da Empresa Municipal de Pavimenta\u00e7\u00e3o e Urbanidades (Empav), iniciou, nesta quinta-feira, 30, a revitaliza\u00e7\u00e3o dos canteiros centrais da Avenida Bar\u00e3o do Rio Branco. Neste in\u00edcio, os trabalhos est\u00e3o concentrados na altura do bairro Manoel Hon\u00f3rio e seguir\u00e3o sentido Centro.<\/p>\n<p>De acordo com a chefe de Obras da Empav, Dina-Mar Pereira, a revitaliza\u00e7\u00e3o incluir\u00e1 reparos de guias, trocas de placas e outras a\u00e7\u00f5es. \u201cH\u00e1 muitos anos que os canteiros da Rio Branco n\u00e3o recebem manuten\u00e7\u00e3o, por isso, muitos est\u00e3o extremamente danificados. Nosso objetivo \u00e9 fazer o que fizemos na Avenida Presidente Itamar Franco: pintar as guias, os meios-fios, reparar as jardineiras, reconstruir as placas de concreto que est\u00e3o quebradas, entre outras corre\u00e7\u00f5es. Tudo isso para deixar a principal via de Juiz de Fora ainda mais agrad\u00e1vel\u201d, detalha Dina.<\/p>\n<p>As obras seguem pelas pr\u00f3ximas semanas e, apesar de n\u00e3o estarem previstas interrup\u00e7\u00f5es no tr\u00e2nsito, \u00e9 importante que motoristas fiquem atentos e reduzam a velocidade nos trechos onde houver manuten\u00e7\u00e3o.<\/p>\n<p><strong>Plantio de \u00e1rvores<\/strong><\/p>\n<p>Al\u00e9m das obras de reparo, os canteiros da maior avenida da cidade tamb\u00e9m est\u00e3o recebendo plantio de flores. Os trabalhos foram iniciados na \u00faltima semana, no trecho em frente ao Parque Halfeld. Mais informa\u00e7\u00f5es voc\u00ea confere<a href=\"https:\/\/www.pjf.mg.gov.br\/noticias\/view.php?modo=link2&amp;idnoticia2=79143\">\u00a0<strong>aqui<\/strong><\/a>.<\/p>\n","protected":false},"excerpt":{"rendered":"<p>Segundo informa\u00e7\u00f5es do site da Prefeitura de Juiz de Fora (PJF), a PJF, por meio da Empresa Municipal de Pavimenta\u00e7\u00e3o e Urbanidades (Empav), iniciou, nesta quinta-feira, 30, a revitaliza\u00e7\u00e3o dos canteiros centrais da Avenida Bar\u00e3o do Rio Branco. Neste in\u00edcio, os trabalhos est\u00e3o concentrados na altura do bairro Manoel Hon\u00f3rio e seguir\u00e3o sentido Centro. De [&hellip;]<\/p>\n","protected":false},"author":246,"featured_media":212106,"comment_status":"closed","ping_status":"closed","sticky":false,"template":"","format":"standard","meta":{"footnotes":""},"categories":[253,436,439],"tags":[],"class_list":["post-212105","post","type-post","status-publish","format-standard","has-post-thumbnail","hentry","category-cidade","category-destaque-da-semana","category-ultima-hora"],"_links":{"self":[{"href":"https:\/\/diarioregionaldigital.com.br\/index.php?rest_route=\/wp\/v2\/posts\/212105","targetHints":{"allow":["GET"]}}],"collection":[{"href":"https:\/\/diarioregionaldigital.com.br\/index.php?rest_route=\/wp\/v2\/posts"}],"about":[{"href":"https:\/\/diarioregionaldigital.com.br\/index.php?rest_route=\/wp\/v2\/types\/post"}],"author":[{"embeddable":true,"href":"https:\/\/diarioregionaldigital.com.br\/index.php?rest_route=\/wp\/v2\/users\/246"}],"replies":[{"embeddable":true,"href":"https:\/\/diarioregionaldigital.com.br\/index.php?rest_route=%2Fwp%2Fv2%2Fcomments&post=212105"}],"version-history":[{"count":1,"href":"https:\/\/diarioregionaldigital.com.br\/index.php?rest_route=\/wp\/v2\/posts\/212105\/revisions"}],"predecessor-version":[{"id":212107,"href":"https:\/\/diarioregionaldigital.com.br\/index.php?rest_route=\/wp\/v2\/posts\/212105\/revisions\/212107"}],"wp:featuredmedia":[{"embeddable":true,"href":"https:\/\/diarioregionaldigital.com.br\/index.php?rest_route=\/wp\/v2\/media\/212106"}],"wp:attachment":[{"href":"https:\/\/diarioregionaldigital.com.br\/index.php?rest_route=%2Fwp%2Fv2%2Fmedia&parent=212105"}],"wp:term":[{"taxonomy":"category","embeddable":true,"href":"https:\/\/diarioregionaldigital.com.br\/index.php?rest_route=%2Fwp%2Fv2%2Fcategories&post=212105"},{"taxonomy":"post_tag","embeddable":true,"href":"https:\/\/diarioregionaldigital.com.br\/index.php?rest_route=%2Fwp%2Fv2%2Ftags&post=212105"}],"curies":[{"name":"wp","href":"https:\/\/api.w.org\/{rel}","templated":true}]}}