{"id":212101,"date":"2023-03-30T17:52:31","date_gmt":"2023-03-30T20:52:31","guid":{"rendered":"https:\/\/diarioregionaldigital.com.br\/?p=212101"},"modified":"2023-03-30T17:52:31","modified_gmt":"2023-03-30T20:52:31","slug":"prefeitura-realiza-ato-simbolico-pela-democracia-nesta-sexta-31","status":"publish","type":"post","link":"https:\/\/diarioregionaldigital.com.br\/?p=212101","title":{"rendered":"Prefeitura realiza ato simb\u00f3lico pela democracia nesta sexta, 31"},"content":{"rendered":"<p>Segundo informa\u00e7\u00f5es do site da Prefeitura de Juiz de Fora (PJF), nesta sexta-feira, 31 de mar\u00e7o, a Prefeitura de Juiz de Fora (PJF) ir\u00e1 realizar o ato simb\u00f3lico \u201cLembrar para n\u00e3o esquecer \u2013 Democracia Sempre\u201d. O ato ser\u00e1 em mem\u00f3ria aos juizforanos Paulo Costa Ribeiro Bastos, preso em 1970 por sua milit\u00e2ncia no DOI-CODI, no Rio de Janeiro, torturado e morto; Rodolfo de Carvalho Troiano, que participou da Guerrilha do Araguaia, no Par\u00e1, e foi morto em 1974; e Padre Jo\u00e3o Bosco Penido Burnier, que, em 1976, foi alvejado e morto com dois tiros por um agente do Estado na cidade de Ribeir\u00e3o Bonito (MT). Os corpos de Paulo e Rodolfo nunca foram localizados.<\/p>\n<p>O ato simb\u00f3lico ser\u00e1 \u00e0s 11h, nos jardins do pr\u00e9dio-sede da PJF, Avenida Brasil, 2.001, Centro. O dia 31 de mar\u00e7o relembra os 59 anos de in\u00edcio da Ditadura Civil Militar.<\/p>\n","protected":false},"excerpt":{"rendered":"<p>Segundo informa\u00e7\u00f5es do site da Prefeitura de Juiz de Fora (PJF), nesta sexta-feira, 31 de mar\u00e7o, a Prefeitura de Juiz de Fora (PJF) ir\u00e1 realizar o ato simb\u00f3lico \u201cLembrar para n\u00e3o esquecer \u2013 Democracia Sempre\u201d. O ato ser\u00e1 em mem\u00f3ria aos juizforanos Paulo Costa Ribeiro Bastos, preso em 1970 por sua milit\u00e2ncia no DOI-CODI, no [&hellip;]<\/p>\n","protected":false},"author":246,"featured_media":212102,"comment_status":"closed","ping_status":"closed","sticky":false,"template":"","format":"standard","meta":{"footnotes":""},"categories":[253,436,439],"tags":[],"class_list":["post-212101","post","type-post","status-publish","format-standard","has-post-thumbnail","hentry","category-cidade","category-destaque-da-semana","category-ultima-hora"],"_links":{"self":[{"href":"https:\/\/diarioregionaldigital.com.br\/index.php?rest_route=\/wp\/v2\/posts\/212101","targetHints":{"allow":["GET"]}}],"collection":[{"href":"https:\/\/diarioregionaldigital.com.br\/index.php?rest_route=\/wp\/v2\/posts"}],"about":[{"href":"https:\/\/diarioregionaldigital.com.br\/index.php?rest_route=\/wp\/v2\/types\/post"}],"author":[{"embeddable":true,"href":"https:\/\/diarioregionaldigital.com.br\/index.php?rest_route=\/wp\/v2\/users\/246"}],"replies":[{"embeddable":true,"href":"https:\/\/diarioregionaldigital.com.br\/index.php?rest_route=%2Fwp%2Fv2%2Fcomments&post=212101"}],"version-history":[{"count":2,"href":"https:\/\/diarioregionaldigital.com.br\/index.php?rest_route=\/wp\/v2\/posts\/212101\/revisions"}],"predecessor-version":[{"id":212104,"href":"https:\/\/diarioregionaldigital.com.br\/index.php?rest_route=\/wp\/v2\/posts\/212101\/revisions\/212104"}],"wp:featuredmedia":[{"embeddable":true,"href":"https:\/\/diarioregionaldigital.com.br\/index.php?rest_route=\/wp\/v2\/media\/212102"}],"wp:attachment":[{"href":"https:\/\/diarioregionaldigital.com.br\/index.php?rest_route=%2Fwp%2Fv2%2Fmedia&parent=212101"}],"wp:term":[{"taxonomy":"category","embeddable":true,"href":"https:\/\/diarioregionaldigital.com.br\/index.php?rest_route=%2Fwp%2Fv2%2Fcategories&post=212101"},{"taxonomy":"post_tag","embeddable":true,"href":"https:\/\/diarioregionaldigital.com.br\/index.php?rest_route=%2Fwp%2Fv2%2Ftags&post=212101"}],"curies":[{"name":"wp","href":"https:\/\/api.w.org\/{rel}","templated":true}]}}