{"id":212098,"date":"2023-03-30T17:50:59","date_gmt":"2023-03-30T20:50:59","guid":{"rendered":"https:\/\/diarioregionaldigital.com.br\/?p=212098"},"modified":"2023-03-30T17:50:59","modified_gmt":"2023-03-30T20:50:59","slug":"pjf-e-comunidade-artistica-iniciam-articulacoes-para-implantacao-da-lei-paulo-gustavo","status":"publish","type":"post","link":"https:\/\/diarioregionaldigital.com.br\/?p=212098","title":{"rendered":"PJF e comunidade art\u00edstica iniciam articula\u00e7\u00f5es para implanta\u00e7\u00e3o da Lei Paulo Gustavo"},"content":{"rendered":"<p>Segundo informa\u00e7\u00f5es do site da Prefeitura de Juiz de Fora (PJF), os primeiros passos para a implanta\u00e7\u00e3o da Lei Paulo Gustavo em Juiz de Fora foram dados nesta semana, com o lan\u00e7amento da consulta p\u00fablica e com a reuni\u00e3o tem\u00e1tica do Projeto Dedo de Prosa, realizada na noite da \u00faltima quarta-feira, 29, no Anfiteatro Jo\u00e3o Carri\u00e7o, no Pa\u00e7o Municipal (Avenida Rio Branco, 2.234 &#8211; Centro). Representantes de diversos segmentos da comunidade art\u00edstica participaram do encontro, no qual foram apresentadas a proposta e as regras da lei federal, que prev\u00ea a\u00e7\u00f5es emergenciais para combater e mitigar os efeitos da pandemia da Covid-19 sobre o setor cultural.<\/p>\n<p>O bate-papo foi conduzido pelos servidores Marcus Amaral e Wanderlei Faini, que, entre outros detalhes, informaram quem tem direito a pleitear a verba e ressaltaram a import\u00e2ncia da participa\u00e7\u00e3o da sociedade civil nos espa\u00e7os de orienta\u00e7\u00e3o e consulta p\u00fablica. Os artistas presentes apresentaram suas d\u00favidas, e a equipe ressaltou que, ap\u00f3s a publica\u00e7\u00e3o da regulamenta\u00e7\u00e3o da lei, ser\u00e1 realizado um novo encontro.<\/p>\n<p>Em todo o territ\u00f3rio nacional, o repasse da Lei Paulo Gustavo ser\u00e1 da ordem de R$ 3,862 bilh\u00f5es, do Fundo Nacional de Cultura. Desse total, aproximadamente,\u00a0R$ 4.295.608,58 (valor estimado) ser\u00e3o destinados a Juiz de Fora, cabendo ao munic\u00edpio apresentar um Plano de A\u00e7\u00e3o para a distribui\u00e7\u00e3o do recurso. A consulta p\u00fablica est\u00e1 dispon\u00edvel no\u00a0<strong><a href=\"https:\/\/docs.google.com\/forms\/d\/1Bc2mvLQOpZnQ3sMBXA74O2lPMWxbNtLjPyzTo-Hq5C0\/viewform?edit_requested=true\">link<\/a><\/strong>\u00a0at\u00e9 o dia 12 de abril, e as reuni\u00f5es com a comunidade art\u00edstica buscam juntar as demandas e prioridades da categoria para fundamentar o Plano de A\u00e7\u00e3o, que ser\u00e1 submetido \u00e0 aprova\u00e7\u00e3o do Governo Federal. Novos encontros ser\u00e3o agendados pela Funda\u00e7\u00e3o Cultural Alfredo Ferreira Lage (Funalfa) para dar continuidade \u00e0s discuss\u00f5es, enquanto a Lei Paulo Gustavo est\u00e1 em processo de regulamenta\u00e7\u00e3o.<\/p>\n<p>O montante previsto para Juiz de Fora deve ser distribu\u00eddo da seguinte forma, conforme regras do Minist\u00e9rio da Cultura:<\/p>\n<p>&#8211; R$ 2.275.595,80 para o setor audiovisual;<\/p>\n<p>&#8211; R$ 1.238.379,93 para os demais segmentos art\u00edstico-culturais;<\/p>\n<p>&#8211; R$ 520.352,13 para apoio a reformas, restauros, manuten\u00e7\u00e3o e ao funcionamento de salas de cinema, sejam elas p\u00fablicas ou privadas, bem como de cinemas de rua e itinerantes;<\/p>\n<p>&#8211; R$ 261.280,72 para capacita\u00e7\u00e3o, forma\u00e7\u00e3o e quali\ufb01ca\u00e7\u00e3o no audiovisual, apoio a cineclubes e realiza\u00e7\u00e3o de festivais e mostras de produ\u00e7\u00e3o audiovisuais, preferencialmente, por meio digital, bem como realiza\u00e7\u00e3o de rodadas de neg\u00f3cios para o setor audiovisual e para a mem\u00f3ria, a preserva\u00e7\u00e3o e a digitaliza\u00e7\u00e3o de obras ou acervos audiovisuais ou, ainda, apoio a observat\u00f3rios, a publica\u00e7\u00f5es especializadas sobre audiovisual e ao desenvolvimento de cidades de loca\u00e7\u00e3o.<\/p>\n","protected":false},"excerpt":{"rendered":"<p>Segundo informa\u00e7\u00f5es do site da Prefeitura de Juiz de Fora (PJF), os primeiros passos para a implanta\u00e7\u00e3o da Lei Paulo Gustavo em Juiz de Fora foram dados nesta semana, com o lan\u00e7amento da consulta p\u00fablica e com a reuni\u00e3o tem\u00e1tica do Projeto Dedo de Prosa, realizada na noite da \u00faltima quarta-feira, 29, no Anfiteatro Jo\u00e3o [&hellip;]<\/p>\n","protected":false},"author":246,"featured_media":212099,"comment_status":"closed","ping_status":"closed","sticky":false,"template":"","format":"standard","meta":{"footnotes":""},"categories":[253,436,439],"tags":[],"class_list":["post-212098","post","type-post","status-publish","format-standard","has-post-thumbnail","hentry","category-cidade","category-destaque-da-semana","category-ultima-hora"],"_links":{"self":[{"href":"https:\/\/diarioregionaldigital.com.br\/index.php?rest_route=\/wp\/v2\/posts\/212098","targetHints":{"allow":["GET"]}}],"collection":[{"href":"https:\/\/diarioregionaldigital.com.br\/index.php?rest_route=\/wp\/v2\/posts"}],"about":[{"href":"https:\/\/diarioregionaldigital.com.br\/index.php?rest_route=\/wp\/v2\/types\/post"}],"author":[{"embeddable":true,"href":"https:\/\/diarioregionaldigital.com.br\/index.php?rest_route=\/wp\/v2\/users\/246"}],"replies":[{"embeddable":true,"href":"https:\/\/diarioregionaldigital.com.br\/index.php?rest_route=%2Fwp%2Fv2%2Fcomments&post=212098"}],"version-history":[{"count":1,"href":"https:\/\/diarioregionaldigital.com.br\/index.php?rest_route=\/wp\/v2\/posts\/212098\/revisions"}],"predecessor-version":[{"id":212100,"href":"https:\/\/diarioregionaldigital.com.br\/index.php?rest_route=\/wp\/v2\/posts\/212098\/revisions\/212100"}],"wp:featuredmedia":[{"embeddable":true,"href":"https:\/\/diarioregionaldigital.com.br\/index.php?rest_route=\/wp\/v2\/media\/212099"}],"wp:attachment":[{"href":"https:\/\/diarioregionaldigital.com.br\/index.php?rest_route=%2Fwp%2Fv2%2Fmedia&parent=212098"}],"wp:term":[{"taxonomy":"category","embeddable":true,"href":"https:\/\/diarioregionaldigital.com.br\/index.php?rest_route=%2Fwp%2Fv2%2Fcategories&post=212098"},{"taxonomy":"post_tag","embeddable":true,"href":"https:\/\/diarioregionaldigital.com.br\/index.php?rest_route=%2Fwp%2Fv2%2Ftags&post=212098"}],"curies":[{"name":"wp","href":"https:\/\/api.w.org\/{rel}","templated":true}]}}