{"id":212092,"date":"2023-03-30T17:42:54","date_gmt":"2023-03-30T20:42:54","guid":{"rendered":"https:\/\/diarioregionaldigital.com.br\/?p=212092"},"modified":"2023-03-30T17:42:54","modified_gmt":"2023-03-30T20:42:54","slug":"selecoes-femininas-de-brasil-e-canada-reeditam-final-do-mundial-de-volei-sentado-no-ct-paralimpico","status":"publish","type":"post","link":"https:\/\/diarioregionaldigital.com.br\/?p=212092","title":{"rendered":"Sele\u00e7\u00f5es femininas de Brasil e Canad\u00e1 reeditam final do Mundial de v\u00f4lei sentado no CT Paral\u00edmpico"},"content":{"rendered":"<p>As sele\u00e7\u00f5es femininas de v\u00f4lei sentado do Brasil e Canad\u00e1 se enfrentam em partida amistosa, no Centro de Treinamento Paral\u00edmpico, em S\u00e3o Paulo, no pr\u00f3ximo dia 7 de abril. Este ser\u00e1 o primeiro jogo entre brasileiras e canadenses ap\u00f3s a final do Mundial da modalidade, em Sarajevo, na B\u00f3snia, no \u00faltimo m\u00eas de novembro. \u00c0 ocasi\u00e3o, o Brasil se sagrou\u00a0<u><\/u><a href=\"https:\/\/www.google.com.br\/search?q=comite+paralimpico+brasil+sele%C3%A7%C3%A3o+feminina+volei+campe%C3%A3+festa&amp;source=hp&amp;ei=TpQkZIuCLuuY1sQPppOfOA&amp;iflsig=AOEireoAAAAAZCSiXgs8HA8LNDbzA08MpLR2ibyjShyM&amp;ved=0ahUKEwiL4fq_8oH-AhVrjJUCHabJBwcQ4dUDCAk&amp;uact=5&amp;oq=comite+paralimpico+brasil+sele%C3%A7%C3%A3o+feminina+volei+campe%C3%A3+festa&amp;gs_lcp=Cgdnd3Mtd2l6EAM6EQguEIAEELEDEIMBEMcBENEDOgsIABCABBCxAxCDAToLCC4QgAQQsQMQgwE6BwguEIoFEEM6BQgAEIAEOhcIABCKBRDqAhC0AhCKAxC3AxDUAxDlAjodCC4QigUQxwEQ0QMQ6gIQtAIQigMQtwMQ1AMQ5QI6CAgAEI8BEOoCOg0ILhCKBRDHARDRAxBDOgcIABCKBRBDOggILhCABBCxAzoNCAAQigUQsQMQgwEQQzoICAAQgAQQsQM6CwgAEIoFELEDEIMBOhMILhCDARDHARCxAxDRAxCKBRBDOgQIABADOgsILhCABBDHARCvAToLCC4QgAQQxwEQ0QM6EQguEIMBEMcBELEDENEDEIAEOgcIABCABBAKOhMILhCKBRCxAxCDARDHARDRAxBDOgYIABAWEB46CAgAEBYQHhAKOgIIJjoFCCEQoAE6BAghEBU6BwghEKABEAo6CAghEBYQHhAdOgoIIRAWEB4QDxAdOgUIABCiBFAAWI9GYLlHaAFwAHgBgAGcAYgBvDuSAQQyLjYwmAEAoAEBsAEK&amp;sclient=gws-wiz\"><u><strong>campe\u00e3o<\/strong><\/u><\/a>, com uma vit\u00f3ria por 3 sets 2 (25\/23, 18\/25, 25\/21,17\/25 e 15\/6).<\/p>\n<p>O duelo ser\u00e1 parte da prepara\u00e7\u00e3o das duas equipes para disputar o Panamerica Zonal Championship, torneio que acontecer\u00e1 de 9 a 13 de maio, na cidade de Edmonton, no Canad\u00e1. Esta ser\u00e1 a maior competi\u00e7\u00e3o de v\u00f4lei sentado das Am\u00e9ricas e contar\u00e1 com a participa\u00e7\u00e3o de cinco sele\u00e7\u00f5es femininas e seis masculinas.<\/p>\n<p>Antes disso, as duas sele\u00e7\u00f5es treinar\u00e3o juntas, tamb\u00e9m no CT Paral\u00edmpico, a partir do pr\u00f3ximo domingo, 2, e ficar\u00e3o concentradas at\u00e9 dia 9 de abril.<\/p>\n<p>Para o t\u00e9cnico das Sele\u00e7\u00f5es feminina e masculina, Fernando Guimar\u00e3es, o interc\u00e2mbio com as canadenses ser\u00e1 muito positivo. \u201cNossa equipe est\u00e1 diferente. Estamos colocando duas jogadoras que n\u00e3o s\u00e3o levantadoras de of\u00edcio na posi\u00e7\u00e3o para deixar a equipe mais alta e nosso ataque muito mais potente&#8221;, afirmou.<\/p>\n<p>O treinador espera usar o per\u00edodo de treinos e amistosos para promover mudan\u00e7as na equipe. As altera\u00e7\u00f5es j\u00e1 poder\u00e3o ser vistas no Zonal Championship. \u00a0\u201cSer\u00e1 uma nova filosofia de jogo, um novo esquema t\u00e1tico. Teremos um ano e meio at\u00e9 os Jogos Paral\u00edmpicos de Paris 2024, porque j\u00e1 estamos classificados com a conquista do Mundial. Teremos a possibilidade de formar uma equipe nova que ir\u00e1 chegar ainda mais forte \u00e0 capital francesa. Nosso primeiro teste com essas modifica\u00e7\u00f5es j\u00e1 ser\u00e1 o Zonal Championship\u201d, avaliou Fernando.<\/p>\n<p><strong>Sele\u00e7\u00e3o masculina<\/strong><br \/>\nSobre a sele\u00e7\u00e3o masculina, o t\u00e9cnico disse que o objetivo principal \u00e9 assegurar a vaga para os Jogos Paral\u00edmpicos de Paris, por meio do t\u00edtulo do Zonal Championship. &#8220;Esta ser\u00e1 a competi\u00e7\u00e3o mais importante do ano para o masculino. Temos muita coisa para acertar e eles est\u00e3o entendendo a dificuldade que v\u00e3o enfrentar. \u00c9 uma grande responsabilidade ganhar esta competi\u00e7\u00e3o. Conseguimos aumentar a estatura da equipe e mudamos alguns atletas de posi\u00e7\u00e3o\u201d, pontuou. A Sele\u00e7\u00e3o masculina treina no CT Paral\u00edmpico desde o \u00faltimo domingo, 26, e ficar\u00e1 no local at\u00e9 o pr\u00f3ximo dia 2.<\/p>\n<p>Fonte: Confedera\u00e7\u00e3o Brasileira de Voleibol para Deficientes (CBVD).<\/p>\n","protected":false},"excerpt":{"rendered":"<p>As sele\u00e7\u00f5es femininas de v\u00f4lei sentado do Brasil e Canad\u00e1 se enfrentam em partida amistosa, no Centro de Treinamento Paral\u00edmpico, em S\u00e3o Paulo, no pr\u00f3ximo dia 7 de abril. Este ser\u00e1 o primeiro jogo entre brasileiras e canadenses ap\u00f3s a final do Mundial da modalidade, em Sarajevo, na B\u00f3snia, no \u00faltimo m\u00eas de novembro. \u00c0 [&hellip;]<\/p>\n","protected":false},"author":246,"featured_media":212093,"comment_status":"closed","ping_status":"closed","sticky":false,"template":"","format":"standard","meta":{"footnotes":""},"categories":[436,257,439],"tags":[],"class_list":["post-212092","post","type-post","status-publish","format-standard","has-post-thumbnail","hentry","category-destaque-da-semana","category-esporte","category-ultima-hora"],"_links":{"self":[{"href":"https:\/\/diarioregionaldigital.com.br\/index.php?rest_route=\/wp\/v2\/posts\/212092","targetHints":{"allow":["GET"]}}],"collection":[{"href":"https:\/\/diarioregionaldigital.com.br\/index.php?rest_route=\/wp\/v2\/posts"}],"about":[{"href":"https:\/\/diarioregionaldigital.com.br\/index.php?rest_route=\/wp\/v2\/types\/post"}],"author":[{"embeddable":true,"href":"https:\/\/diarioregionaldigital.com.br\/index.php?rest_route=\/wp\/v2\/users\/246"}],"replies":[{"embeddable":true,"href":"https:\/\/diarioregionaldigital.com.br\/index.php?rest_route=%2Fwp%2Fv2%2Fcomments&post=212092"}],"version-history":[{"count":1,"href":"https:\/\/diarioregionaldigital.com.br\/index.php?rest_route=\/wp\/v2\/posts\/212092\/revisions"}],"predecessor-version":[{"id":212094,"href":"https:\/\/diarioregionaldigital.com.br\/index.php?rest_route=\/wp\/v2\/posts\/212092\/revisions\/212094"}],"wp:featuredmedia":[{"embeddable":true,"href":"https:\/\/diarioregionaldigital.com.br\/index.php?rest_route=\/wp\/v2\/media\/212093"}],"wp:attachment":[{"href":"https:\/\/diarioregionaldigital.com.br\/index.php?rest_route=%2Fwp%2Fv2%2Fmedia&parent=212092"}],"wp:term":[{"taxonomy":"category","embeddable":true,"href":"https:\/\/diarioregionaldigital.com.br\/index.php?rest_route=%2Fwp%2Fv2%2Fcategories&post=212092"},{"taxonomy":"post_tag","embeddable":true,"href":"https:\/\/diarioregionaldigital.com.br\/index.php?rest_route=%2Fwp%2Fv2%2Ftags&post=212092"}],"curies":[{"name":"wp","href":"https:\/\/api.w.org\/{rel}","templated":true}]}}