{"id":212089,"date":"2023-03-30T17:40:42","date_gmt":"2023-03-30T20:40:42","guid":{"rendered":"https:\/\/diarioregionaldigital.com.br\/?p=212089"},"modified":"2023-03-30T17:40:42","modified_gmt":"2023-03-30T20:40:42","slug":"tres-alunos-da-escola-paralimpica-de-esportes-participam-de-treinos-da-selecao-de-base-do-judo","status":"publish","type":"post","link":"https:\/\/diarioregionaldigital.com.br\/?p=212089","title":{"rendered":"Tr\u00eas alunos da Escola Paral\u00edmpica de Esportes participam de treinos da Sele\u00e7\u00e3o de base do jud\u00f4"},"content":{"rendered":"<p>Tr\u00eas alunos da\u00a0<u><strong><a href=\"https:\/\/www.cpb.org.br\/escola-paralimpica-de-esportes\" target=\"_blank\" rel=\"noopener\">Escola Paral\u00edmpica de Esportes do Comit\u00ea Paral\u00edmpico Brasileiro (CPB),<\/a><\/strong><\/u>\u00a0projeto de inicia\u00e7\u00e3o esportiva para crian\u00e7as e jovens de 7 a 17 anos com defici\u00eancia, v\u00e3o integrar a Sele\u00e7\u00e3o Brasileira de base do jud\u00f4, entre os dias 1\u00ba e 8 de abril. Eles participar\u00e3o do Campo de Treinamento de jovens da Confedera\u00e7\u00e3o Brasileira de Desportos de Deficientes Visuais (CBDV). As atividades ser\u00e3o realizadas no Centro de Treinamento Paral\u00edmpico, em S\u00e3o Paulo.<\/p>\n<p>Jorge Luiz Escarante, Wiliany Vit\u00f3ria Costa e Ana Clara Rodrigues s\u00e3o os alunos da Escolinha, como o projeto do CPB \u00e9 carinhosamente chamado, que estar\u00e3o presentes na semana de treinos no CT Paral\u00edmpico. Todos eles subiram ao p\u00f3dio na\u00a0<u><strong><a href=\"https:\/\/cpb.org.br\/noticia\/detalhe\/4499\/escola-paralimpica-de-esportes-conquista-oito-medalhas-e-e-campea-da-copa-loterias-caixa-de-judo\" target=\"_blank\" rel=\"noopener\">\u00faltima edi\u00e7\u00e3o da Copa Loterias Caixa de jud\u00f4,<\/a><\/strong><\/u>\u00a0competi\u00e7\u00e3o realizada pela CBDV e destinada a jovens promessas do paradesporto nacional.<\/p>\n<p>Wiliany, da classe J1 (cegos totais) e da categoria leve, e Ana, da classe J2 (baixa vis\u00e3o) e da categoria super pesado, conquistaram o ouro. Jorge (J1 &#8211; ligeiro) ficou com o bronze. Al\u00e9m dos atletas, a treinadora de jud\u00f4 da Escolinha, Ana Gomes, tamb\u00e9m foi convidada para o Campo de Treinamento da CBDV.<\/p>\n<p><strong>Sele\u00e7\u00e3o de jud\u00f4 principal\u00a0<\/strong><br \/>\nA Sele\u00e7\u00e3o principal da modalidade tamb\u00e9m vai se reunir no CT Paral\u00edmpico no m\u00eas de abril. Entre os dias 15 e 23 de abril, dezoito atletas v\u00e3o integrar o Segundo Campo de Treinamento adulto de 2023. Ap\u00f3s as campanhas nas duas primeiras etapas do Grand Prix \u2013\u00a0<u><strong><a href=\"https:\/\/cpb.org.br\/noticia\/detalhe\/4873\/alana-maldonado-e-ouro-e-brasil-conquista-grand-prix-de-portugal-com-15-medalhas\" target=\"_blank\" rel=\"noopener\">Almada<\/a><\/strong><\/u>, em Portugal, e\u00a0<u><strong><a href=\"https:\/\/cpb.org.br\/noticia\/detalhe\/4985\/potiguar-arthur-silva-conquista-ouro-em-ultimo-dia-do-grand-prix-de-judo-paralimpico-no-egito\" target=\"_blank\" rel=\"noopener\">Alexandria<\/a><\/strong><\/u>, no Egito \u2013, a Sele\u00e7\u00e3o s\u00f3 ter\u00e1 compromisso oficial no segundo semestre.<\/p>\n<p>As outras duas etapas do circuito internacional ser\u00e3o no Azerbaij\u00e3o, em setembro, e no Jap\u00e3o, em dezembro. A de Antalya, na Turquia, que seria realizada justamente em abril, foi cancelada em virtude do terremoto que atingiu o pa\u00eds.<\/p>\n<p>Al\u00e9m dos Grand Prix, a Sele\u00e7\u00e3o Brasileira de jud\u00f4 vai disputar os<u><strong><a href=\"https:\/\/www.cpb.org.br\/noticia\/detalhe\/4921\/selecao-brasileira-de-futebol-de-cegos-tenta-ser-hexacampea-mundial-conheca-os-rivais\" target=\"_blank\" rel=\"noopener\">\u00a0Jogos Mundiais da IBSA<\/a><\/strong><\/u>, na Inglaterra, em agosto, e o Parapan, no Chile, em novembro. Todos esses eventos s\u00e3o classificat\u00f3rios para os Jogos Paral\u00edmpicos de Paris 2024.<\/p>\n<p>A Sele\u00e7\u00e3o vem para esta temporada embalada pela campanha hist\u00f3rica do ano passado, quando conquistou o Pan do Canad\u00e1, em dezembro, ficou em quarto lugar no Mundial de Baku, em outubro, e foi campe\u00e3 das tr\u00eas etapas do Grand Prix da IBSA: em\u00a0<strong><a href=\"https:\/\/www.cpb.org.br\/noticia\/detalhe\/4234\/selecao-brasileira-de-judo-paralimpico-vence-grand-prix-de-sao-paulo\" target=\"_blank\" rel=\"noopener\">S\u00e3o Paulo (Brasil)<\/a><\/strong>,\u00a0<u><strong><a href=\"https:\/\/www.cpb.org.br\/noticia\/detalhe\/4138\/apos-titulo-na-turquia-brasil-e-campeao-do-grand-prix-de-judo-no-cazaquistao\" target=\"_blank\" rel=\"noopener\">Nur-Sultan (Cazaquist\u00e3o)<\/a><\/strong><\/u>\u00a0e\u00a0<u><strong><a href=\"https:\/\/cpb.org.br\/noticia\/detalhe\/4057\/selecao-brasileira-de-judo-e-campea-no-grand-prix-da-turquia\" target=\"_blank\" rel=\"noopener\">Antalya (Turquia)<\/a><\/strong><\/u>.<\/p>\n<p>O jud\u00f4 \u00e9 uma das modalidades que mais rendeu medalhas ao pa\u00eds na hist\u00f3ria dos Jogos Paral\u00edmpicos: foram 25 ao todo, sendo cinco ouros, nove pratas e 11 bronzes.<\/p>\n<p><strong>Confira a lista dos atletas convocados para o Campo de Treinamentos:<\/strong><br \/>\nARTHUR CAVALCANTE DA SILVA &#8211; categoria -90 kg (J1)<br \/>\nELIELTON LIRA DE OLIVEIRA &#8211; categoria -60 kg (J1)<br \/>\nMARIA N\u00daBEA DOS SANTOS LINS &#8211; categoria &#8211; 57kg (J1)<br \/>\nLARISSA OLIVEIRA DA SILVA &#8211; categoria -57kg (J1)<br \/>\nMARCELO ADRIANO DE AZEVEDO CASANOVA &#8211; categoria -90 kg (J2)<br \/>\nRAYFRAN MESQUITA PONTES &#8211; categoria -73kg (J1)<br \/>\nREBECA DE SOUZA SILVA &#8211; categoria +70kg (J2)<br \/>\nROSICLEIDE SILVA DE ANDRADE &#8211; categoria -48kg (J1)<br \/>\nS\u00c9RGIO FERNANDES J\u00daNIOR &#8211; categoria +90kg (J2)<br \/>\nTHIEGO MARQUES DA SILVA &#8211; categoria -60kg (J2)<br \/>\nWILIANS SILVA DE ARA\u00daJO &#8211; categoria + 90kg (J1)<br \/>\nD\u00caNIS APARECIDO ROSA &#8211; categoria &#8211; 73kg (J2)<br \/>\nHARLLEY DAMI\u00c3O DE PEREIRA ARRUDA &#8211; categoria &#8211; 73kg (J1)<br \/>\nROBERTO NUNES DA PAIX\u00c3O &#8211; categoria &#8211; 60kg (J1)<br \/>\nDEYVERSON BRENO LOPES DE SOUZA &#8211; categoria 60kg (J1)<br \/>\n\u00c9RIKA CHERES ZOAGA &#8211; categoria + 70 kg (J1)<br \/>\nBRENDA SOUZA DE FREITAS &#8211; categoria &#8211; 70 kg (J1)<br \/>\nMEG VITORINO RODRIGUES EMMERICH &#8211; categoria + 70 kg (J2)<\/p>\n<p><strong>Escola Paral\u00edmpica de Esportes<\/strong><br \/>\nA Escola \u00e9 realizada pelo CPB desde 2018 e, atualmente, s\u00e3o oferecidas aulas em 13 modalidades: atletismo, badminton, bocha, esgrima em cadeira de rodas, futebol de cegos, goalball, halterofilismo, jud\u00f4, nata\u00e7\u00e3o, t\u00eanis de mesa, tiro com arco, triatlo e v\u00f4lei sentado. Todas comp\u00f5em o atual programa dos Jogos Paral\u00edmpicos, estabelecido pelo Comit\u00ea Paral\u00edmpico Internacional (IPC, sigla em ingl\u00eas). Todos os servi\u00e7os s\u00e3o oferecidos gratuitamente.<\/p>\n<p>Os alunos s\u00e3o atendidos dois dias por semana, divididos em turmas \u00e0s segundas e quartas-feiras e ter\u00e7as e quintas-feiras, em dois hor\u00e1rios: das 14h \u00e0s 15h30 e das 16h \u00e0s 17h30.<\/p>\n<p>As crian\u00e7as recebem uniforme e lanche durante a estadia no CT Paral\u00edmpico. Tamb\u00e9m \u00e9 disponibilizado transporte em locais estrat\u00e9gicos da Grande S\u00e3o Paulo. Todos os servi\u00e7os s\u00e3o oferecidos gratuitamente. Para mais informa\u00e7\u00f5es sobre o projeto, entrar em contato pelo e-mail: escolaparalimpica@cpb.org.br.<\/p>\n<p><u><strong><a href=\"https:\/\/docs.google.com\/forms\/d\/e\/1FAIpQLSc2kUfWTQuenGiF0KyrgZO3aWCCpJ_tnljkNlusxq1aC-UtxQ\/viewform?pli=1\" target=\"_blank\" rel=\"noopener\">FICHA DE INSCRI\u00c7\u00c3O<\/a><\/strong><\/u><\/p>\n<p><em>*Com informa\u00e7\u00f5es da Confedera\u00e7\u00e3o Brasileira de Desportos de Deficientes Visuais (CBDV)<\/em><\/p>\n<p><strong>Patroc\u00ednios<\/strong><br \/>\nO jud\u00f4 \u00e9 uma modalidade patrocinada pelas Loterias Caixa.<\/p>\n<p><strong>Programa Loterias Caixa Atletas de Alto N\u00edvel\u00a0<\/strong><br \/>\nOs atletas Arthur Silva, Rayfran Pontes, Rosicleide Andrade e Thiego Marques s\u00e3o integrantes do Programa Loterias Caixa Atletas de Alto N\u00edvel, programa de patroc\u00ednio individual da Loterias Caixa que beneficia 91 atletas.<\/p>\n<p><span style=\"font-weight: 400;\">Fonte:\u00a0 CPB<\/span><\/p>\n","protected":false},"excerpt":{"rendered":"<p>Tr\u00eas alunos da\u00a0Escola Paral\u00edmpica de Esportes do Comit\u00ea Paral\u00edmpico Brasileiro (CPB),\u00a0projeto de inicia\u00e7\u00e3o esportiva para crian\u00e7as e jovens de 7 a 17 anos com defici\u00eancia, v\u00e3o integrar a Sele\u00e7\u00e3o Brasileira de base do jud\u00f4, entre os dias 1\u00ba e 8 de abril. Eles participar\u00e3o do Campo de Treinamento de jovens da Confedera\u00e7\u00e3o Brasileira de Desportos [&hellip;]<\/p>\n","protected":false},"author":246,"featured_media":212090,"comment_status":"closed","ping_status":"closed","sticky":false,"template":"","format":"standard","meta":{"footnotes":""},"categories":[436,257,439],"tags":[],"class_list":["post-212089","post","type-post","status-publish","format-standard","has-post-thumbnail","hentry","category-destaque-da-semana","category-esporte","category-ultima-hora"],"_links":{"self":[{"href":"https:\/\/diarioregionaldigital.com.br\/index.php?rest_route=\/wp\/v2\/posts\/212089","targetHints":{"allow":["GET"]}}],"collection":[{"href":"https:\/\/diarioregionaldigital.com.br\/index.php?rest_route=\/wp\/v2\/posts"}],"about":[{"href":"https:\/\/diarioregionaldigital.com.br\/index.php?rest_route=\/wp\/v2\/types\/post"}],"author":[{"embeddable":true,"href":"https:\/\/diarioregionaldigital.com.br\/index.php?rest_route=\/wp\/v2\/users\/246"}],"replies":[{"embeddable":true,"href":"https:\/\/diarioregionaldigital.com.br\/index.php?rest_route=%2Fwp%2Fv2%2Fcomments&post=212089"}],"version-history":[{"count":1,"href":"https:\/\/diarioregionaldigital.com.br\/index.php?rest_route=\/wp\/v2\/posts\/212089\/revisions"}],"predecessor-version":[{"id":212091,"href":"https:\/\/diarioregionaldigital.com.br\/index.php?rest_route=\/wp\/v2\/posts\/212089\/revisions\/212091"}],"wp:featuredmedia":[{"embeddable":true,"href":"https:\/\/diarioregionaldigital.com.br\/index.php?rest_route=\/wp\/v2\/media\/212090"}],"wp:attachment":[{"href":"https:\/\/diarioregionaldigital.com.br\/index.php?rest_route=%2Fwp%2Fv2%2Fmedia&parent=212089"}],"wp:term":[{"taxonomy":"category","embeddable":true,"href":"https:\/\/diarioregionaldigital.com.br\/index.php?rest_route=%2Fwp%2Fv2%2Fcategories&post=212089"},{"taxonomy":"post_tag","embeddable":true,"href":"https:\/\/diarioregionaldigital.com.br\/index.php?rest_route=%2Fwp%2Fv2%2Ftags&post=212089"}],"curies":[{"name":"wp","href":"https:\/\/api.w.org\/{rel}","templated":true}]}}