{"id":212075,"date":"2023-03-30T17:32:39","date_gmt":"2023-03-30T20:32:39","guid":{"rendered":"https:\/\/diarioregionaldigital.com.br\/?p=212075"},"modified":"2023-03-30T17:32:39","modified_gmt":"2023-03-30T20:32:39","slug":"congresso-mantem-caixa-como-gestora-do-dpvat-2","status":"publish","type":"post","link":"https:\/\/diarioregionaldigital.com.br\/?p=212075","title":{"rendered":"Congresso mant\u00e9m Caixa como gestora do Dpvat"},"content":{"rendered":"<p>A Caixa Econ\u00f4mica Federal permanecer\u00e1 como gestora do fundo Dpvat, destinado a indenizar v\u00edtimas de acidentes de tr\u00e2nsito. O Senado aprovou nesta ter\u00e7a-feira (29) a Medida Provis\u00f3ria 1.149\/2022 que autoriza o banco a gerenciar o fundo em 2023. O texto j\u00e1 havia sido aprovado na segunda-feira (27) pela C\u00e2mara dos Deputados. Agora, segue para a promulga\u00e7\u00e3o.<\/p>\n<p>A Caixa j\u00e1 gerenciava o fundo, em substitui\u00e7\u00e3o a Seguradora L\u00edder, que administrou o seguro at\u00e9 2020. No entanto, o banco assumiu a fun\u00e7\u00e3o por meio de um contrato, sem licita\u00e7\u00e3o, com a Superintend\u00eancia dos Seguros Privados (Susep), o que vem sendo contestado na Justi\u00e7a Federal.<\/p>\n<p>A aprova\u00e7\u00e3o da MP legaliza a atua\u00e7\u00e3o da Caixa na gest\u00e3o do fundo e na an\u00e1lise de pedidos de repara\u00e7\u00e3o e o pagamento. De acordo com o governo, a escolha pelo banco ocorre pelo porte, capilaridade e expertise em opera\u00e7\u00f5es complexas de pagamento.<\/p>\n<p>Pela MP, as indeniza\u00e7\u00f5es continuar\u00e3o a ser pagas em conta poupan\u00e7a digital, relativas \u00e0s ocorr\u00eancias entre 1\u00ba de janeiro e 31 de dezembro de 2023.<\/p>\n<p>Criado em 1974, o Seguro Obrigat\u00f3rio de Danos Pessoais Causados por Ve\u00edculos Automotores de Vias Terrestres, chamado Dpvat\u00a0ou seguro obrigat\u00f3rio, \u00e9 usado para custear tratamento m\u00e9dico ou para indeniza\u00e7\u00e3o por invalidez e morte de motoristas, pedestres e passageiros v\u00edtimas de acidentes de tr\u00e2nsito. \u00a0Os recursos s\u00e3o provenientes do pagamento anual de seguro obrigat\u00f3rio feito pelos donos de ve\u00edculos, junto com o licenciamento anual.<\/p>\n<p>A cobran\u00e7a est\u00e1 suspensa desde 2021 e ter\u00e1 isen\u00e7\u00e3o em 2023. Mesmo assim, as v\u00edtimas podem continuar a solicitar as indeniza\u00e7\u00f5es, j\u00e1 que o fundo disp\u00f5e de recursos excedentes.<\/p>\n<p><span style=\"font-weight: 400;\">Fonte: Ag\u00eancia Brasil <\/span><\/p>\n","protected":false},"excerpt":{"rendered":"<p>A Caixa Econ\u00f4mica Federal permanecer\u00e1 como gestora do fundo Dpvat, destinado a indenizar v\u00edtimas de acidentes de tr\u00e2nsito. O Senado aprovou nesta ter\u00e7a-feira (29) a Medida Provis\u00f3ria 1.149\/2022 que autoriza o banco a gerenciar o fundo em 2023. O texto j\u00e1 havia sido aprovado na segunda-feira (27) pela C\u00e2mara dos Deputados. Agora, segue para a [&hellip;]<\/p>\n","protected":false},"author":246,"featured_media":212077,"comment_status":"closed","ping_status":"closed","sticky":false,"template":"","format":"standard","meta":{"footnotes":""},"categories":[436,254,439],"tags":[],"class_list":["post-212075","post","type-post","status-publish","format-standard","has-post-thumbnail","hentry","category-destaque-da-semana","category-politica","category-ultima-hora"],"_links":{"self":[{"href":"https:\/\/diarioregionaldigital.com.br\/index.php?rest_route=\/wp\/v2\/posts\/212075","targetHints":{"allow":["GET"]}}],"collection":[{"href":"https:\/\/diarioregionaldigital.com.br\/index.php?rest_route=\/wp\/v2\/posts"}],"about":[{"href":"https:\/\/diarioregionaldigital.com.br\/index.php?rest_route=\/wp\/v2\/types\/post"}],"author":[{"embeddable":true,"href":"https:\/\/diarioregionaldigital.com.br\/index.php?rest_route=\/wp\/v2\/users\/246"}],"replies":[{"embeddable":true,"href":"https:\/\/diarioregionaldigital.com.br\/index.php?rest_route=%2Fwp%2Fv2%2Fcomments&post=212075"}],"version-history":[{"count":1,"href":"https:\/\/diarioregionaldigital.com.br\/index.php?rest_route=\/wp\/v2\/posts\/212075\/revisions"}],"predecessor-version":[{"id":212078,"href":"https:\/\/diarioregionaldigital.com.br\/index.php?rest_route=\/wp\/v2\/posts\/212075\/revisions\/212078"}],"wp:featuredmedia":[{"embeddable":true,"href":"https:\/\/diarioregionaldigital.com.br\/index.php?rest_route=\/wp\/v2\/media\/212077"}],"wp:attachment":[{"href":"https:\/\/diarioregionaldigital.com.br\/index.php?rest_route=%2Fwp%2Fv2%2Fmedia&parent=212075"}],"wp:term":[{"taxonomy":"category","embeddable":true,"href":"https:\/\/diarioregionaldigital.com.br\/index.php?rest_route=%2Fwp%2Fv2%2Fcategories&post=212075"},{"taxonomy":"post_tag","embeddable":true,"href":"https:\/\/diarioregionaldigital.com.br\/index.php?rest_route=%2Fwp%2Fv2%2Ftags&post=212075"}],"curies":[{"name":"wp","href":"https:\/\/api.w.org\/{rel}","templated":true}]}}