{"id":212072,"date":"2023-03-30T17:31:30","date_gmt":"2023-03-30T20:31:30","guid":{"rendered":"https:\/\/diarioregionaldigital.com.br\/?p=212072"},"modified":"2023-03-30T17:31:30","modified_gmt":"2023-03-30T20:31:30","slug":"ex-presidente-jair-bolsonaro-chega-ao-brasil","status":"publish","type":"post","link":"https:\/\/diarioregionaldigital.com.br\/?p=212072","title":{"rendered":"Ex-presidente Jair Bolsonaro chega ao Brasil"},"content":{"rendered":"<p>O ex-presidente Jair Bolsonaro (PL) chegou ao Aeroporto Internacional Juscelino Kubitschek, em\u00a0Bras\u00edlia,\u00a0\u00e0s 6h40 desta\u00a0quinta-feira (30), procedente\u00a0de Orlando, nos Estados Unidos.<\/p>\n<p>A volta do ex-presidente ao Brasil ocorre ap\u00f3s tr\u00eas meses de sua partida, em\u00a030 de dezembro, dois dias antes de deixar a Presid\u00eancia da Rep\u00fablica.<\/p>\n<p>Devido ao esquema de seguran\u00e7a da Pol\u00edcia Federal, Bolsonaro n\u00e3o saiu pelo sagu\u00e3o de desembarque habitual e usou uma rota alternativa.<\/p>\n<p>Centenas de apoiadores do ex-presidente chegaram de madrugada \u00e0 \u00e1rea de desembarque internacional do aeroporto e se espremeram nas grades que delimitavam o espa\u00e7o, munidos de bandeiras e cartazes.<\/p>\n<p>Enquanto aguardavam, os apoiadores cantaram o Hino Nacional e gritaram palavras de ordem. Jornalistas\u00a0foram hostilizados verbalmente pelos presentes.<\/p>\n<p>O esquema de seguran\u00e7a da Pol\u00edcia Militar do Distrito Federal, preparado em reuni\u00f5es pr\u00e9vias, foi comandado pelo major Delatorres. &#8220;Come\u00e7ou \u00e0 0h\u00a0de\u00a0hoje. J\u00e1\u00a0nos acessos ao aeroporto\u00a0foram montados pontos de bloqueios. Ent\u00e3o, as pessoas podem ficar seguras que\u00a0hoje\u00a0n\u00e3o vai\u00a0ter\u00a0problema&#8221;, afirmou\u00a0o comandante.<\/p>\n<h2>Comunicado<\/h2>\n<p>A assessoria de comunica\u00e7\u00e3o do Partido Liberal (PL) informou, em nota, que do aeroporto internacional\u00a0o ex-presidente seguiu para a sede do partido no Setor Hoteleiro Sul, em Bras\u00edlia, onde foi recebido pela esposa Michelle Bolsonaro, o presidente do partido, Valdemar Costa Neto, e o\u00a0secret\u00e1rio de Rela\u00e7\u00f5es Institucionais do PL, general Braga Neto. N\u00e3o est\u00e1 prevista qualquer fala de Bolsonaro.<\/p>\n<h2>Depoimento<\/h2>\n<p>O ex-presidente deve prestar depoimento na pr\u00f3xima quarta-feira (5) para dar explica\u00e7\u00f5es sobre joias e outros\u00a0presentes recebidos durante o mandato. As investiga\u00e7\u00f5es est\u00e3o sendo feitas pela Pol\u00edcia Federal e o Tribunal de Contas da Uni\u00e3o. Al\u00e9m disso,\u00a0o Tribunal Superior Eleitoral\u00a0investiga acusa\u00e7\u00f5es\u00a0feitas por\u00a0Bolsonaro ao sistema de urnas eletr\u00f4nicas.<\/p>\n<p><span style=\"font-weight: 400;\">Fonte: Ag\u00eancia Brasil <\/span><\/p>\n","protected":false},"excerpt":{"rendered":"<p>O ex-presidente Jair Bolsonaro (PL) chegou ao Aeroporto Internacional Juscelino Kubitschek, em\u00a0Bras\u00edlia,\u00a0\u00e0s 6h40 desta\u00a0quinta-feira (30), procedente\u00a0de Orlando, nos Estados Unidos. A volta do ex-presidente ao Brasil ocorre ap\u00f3s tr\u00eas meses de sua partida, em\u00a030 de dezembro, dois dias antes de deixar a Presid\u00eancia da Rep\u00fablica. Devido ao esquema de seguran\u00e7a da Pol\u00edcia Federal, Bolsonaro n\u00e3o [&hellip;]<\/p>\n","protected":false},"author":246,"featured_media":212073,"comment_status":"closed","ping_status":"closed","sticky":false,"template":"","format":"standard","meta":{"footnotes":""},"categories":[436,254,439],"tags":[],"class_list":["post-212072","post","type-post","status-publish","format-standard","has-post-thumbnail","hentry","category-destaque-da-semana","category-politica","category-ultima-hora"],"_links":{"self":[{"href":"https:\/\/diarioregionaldigital.com.br\/index.php?rest_route=\/wp\/v2\/posts\/212072","targetHints":{"allow":["GET"]}}],"collection":[{"href":"https:\/\/diarioregionaldigital.com.br\/index.php?rest_route=\/wp\/v2\/posts"}],"about":[{"href":"https:\/\/diarioregionaldigital.com.br\/index.php?rest_route=\/wp\/v2\/types\/post"}],"author":[{"embeddable":true,"href":"https:\/\/diarioregionaldigital.com.br\/index.php?rest_route=\/wp\/v2\/users\/246"}],"replies":[{"embeddable":true,"href":"https:\/\/diarioregionaldigital.com.br\/index.php?rest_route=%2Fwp%2Fv2%2Fcomments&post=212072"}],"version-history":[{"count":2,"href":"https:\/\/diarioregionaldigital.com.br\/index.php?rest_route=\/wp\/v2\/posts\/212072\/revisions"}],"predecessor-version":[{"id":212076,"href":"https:\/\/diarioregionaldigital.com.br\/index.php?rest_route=\/wp\/v2\/posts\/212072\/revisions\/212076"}],"wp:featuredmedia":[{"embeddable":true,"href":"https:\/\/diarioregionaldigital.com.br\/index.php?rest_route=\/wp\/v2\/media\/212073"}],"wp:attachment":[{"href":"https:\/\/diarioregionaldigital.com.br\/index.php?rest_route=%2Fwp%2Fv2%2Fmedia&parent=212072"}],"wp:term":[{"taxonomy":"category","embeddable":true,"href":"https:\/\/diarioregionaldigital.com.br\/index.php?rest_route=%2Fwp%2Fv2%2Fcategories&post=212072"},{"taxonomy":"post_tag","embeddable":true,"href":"https:\/\/diarioregionaldigital.com.br\/index.php?rest_route=%2Fwp%2Fv2%2Ftags&post=212072"}],"curies":[{"name":"wp","href":"https:\/\/api.w.org\/{rel}","templated":true}]}}