{"id":211905,"date":"2023-03-28T03:05:18","date_gmt":"2023-03-28T06:05:18","guid":{"rendered":"https:\/\/diarioregionaldigital.com.br\/?p=211905"},"modified":"2023-03-28T03:05:18","modified_gmt":"2023-03-28T06:05:18","slug":"brasileiras-sao-prata-em-etapa-do-circuito-mundial-de-volei-de-praia","status":"publish","type":"post","link":"https:\/\/diarioregionaldigital.com.br\/?p=211905","title":{"rendered":"Brasileiras s\u00e3o prata em etapa do Circuito Mundial de v\u00f4lei de praia"},"content":{"rendered":"<p>As atuais campe\u00e3s mundiais Duda e Ana Patr\u00edcia ficaram com a medalha de prata na etapa de Tepic (M\u00e9xico) do Circuito Mundial de v\u00f4lei de praia. No \u00faltimo domingo (26) as brasileiras perderam por 2 sets a 1 (parciais de 21\/14, 15\/21 e 15\/10) para as norte-americanas Sara Hughes e Kelly Cheng.<img decoding=\"async\" src=\"https:\/\/agenciabrasil.ebc.com.br\/ebc.png?id=1518965&amp;o=node\" \/><img decoding=\"async\" src=\"https:\/\/agenciabrasil.ebc.com.br\/ebc.gif?id=1518965&amp;o=node\" \/><\/p>\n<div class=\"post-item-wrap\">\n<p>\u201cFomos superadas no tie-break pelas norte-americanas, claro que quer\u00edamos a vit\u00f3ria, mas come\u00e7amos a temporada no p\u00f3dio\u201d, disse Ana Patr\u00edcia \u00e0 Confedera\u00e7\u00e3o Brasileiras de V\u00f4lei (CBV). \u201cEstamos muito felizes com mais uma final em uma etapa t\u00e3o disputada. Sempre uma felicidade muito grande subir a um p\u00f3dio representando o Brasil\u201d, declarou Duda.<\/p>\n<p>Apesar do rev\u00e9s na decis\u00e3o da etapa de Tepic, Duda e Ana Patr\u00edcia permanecem na lideran\u00e7a do ranking mundial da competi\u00e7\u00e3o, no qual outra equipe do Brasil, formada por Carol e B\u00e1rbara, aparece na terceira posi\u00e7\u00e3o. As holandesas Raisa Schoon e Katja Stam ocupam a vice-lideran\u00e7a da classifica\u00e7\u00e3o.<\/p>\n<p>Agora, a etapa do Circuito Mundial de V\u00f4lei de Praia chega ao Brasil, onde ser\u00e3o disputadas as tr\u00eas pr\u00f3ximas etapas, todas em abril: o Challenge de Itapema (SC), entre os dias 6 e 9, o Challenge de Saquarema (RJ), entre 13 a 16, e o Elite 16 de Uberl\u00e2ndia (MG), entre 26 e 30.<\/p>\n<p>O Circuito Mundial de 2023 tem grande import\u00e2ncia para os atletas de v\u00f4lei de praia, pois a conquista da competi\u00e7\u00e3o \u00e9 uma das formas de classifica\u00e7\u00e3o para a pr\u00f3xima edi\u00e7\u00e3o dos Jogos Ol\u00edmpicos, que ser\u00e3o disputados em 2024 em Paris (Fran\u00e7a).<\/p>\n<\/div>\n<p class=\"alt-font font-italic my-2 small text-info\"><span style=\"font-weight: 400;\">Fonte: Ag\u00eancia Brasil\u00a0<\/span><span style=\"font-weight: 400;\"><br \/>\n<\/span><\/p>\n","protected":false},"excerpt":{"rendered":"<p>As atuais campe\u00e3s mundiais Duda e Ana Patr\u00edcia ficaram com a medalha de prata na etapa de Tepic (M\u00e9xico) do Circuito Mundial de v\u00f4lei de praia. No \u00faltimo domingo (26) as brasileiras perderam por 2 sets a 1 (parciais de 21\/14, 15\/21 e 15\/10) para as norte-americanas Sara Hughes e Kelly Cheng. \u201cFomos superadas no [&hellip;]<\/p>\n","protected":false},"author":246,"featured_media":211906,"comment_status":"closed","ping_status":"closed","sticky":false,"template":"","format":"standard","meta":{"footnotes":""},"categories":[436,257,439],"tags":[],"class_list":["post-211905","post","type-post","status-publish","format-standard","has-post-thumbnail","hentry","category-destaque-da-semana","category-esporte","category-ultima-hora"],"_links":{"self":[{"href":"https:\/\/diarioregionaldigital.com.br\/index.php?rest_route=\/wp\/v2\/posts\/211905","targetHints":{"allow":["GET"]}}],"collection":[{"href":"https:\/\/diarioregionaldigital.com.br\/index.php?rest_route=\/wp\/v2\/posts"}],"about":[{"href":"https:\/\/diarioregionaldigital.com.br\/index.php?rest_route=\/wp\/v2\/types\/post"}],"author":[{"embeddable":true,"href":"https:\/\/diarioregionaldigital.com.br\/index.php?rest_route=\/wp\/v2\/users\/246"}],"replies":[{"embeddable":true,"href":"https:\/\/diarioregionaldigital.com.br\/index.php?rest_route=%2Fwp%2Fv2%2Fcomments&post=211905"}],"version-history":[{"count":1,"href":"https:\/\/diarioregionaldigital.com.br\/index.php?rest_route=\/wp\/v2\/posts\/211905\/revisions"}],"predecessor-version":[{"id":211907,"href":"https:\/\/diarioregionaldigital.com.br\/index.php?rest_route=\/wp\/v2\/posts\/211905\/revisions\/211907"}],"wp:featuredmedia":[{"embeddable":true,"href":"https:\/\/diarioregionaldigital.com.br\/index.php?rest_route=\/wp\/v2\/media\/211906"}],"wp:attachment":[{"href":"https:\/\/diarioregionaldigital.com.br\/index.php?rest_route=%2Fwp%2Fv2%2Fmedia&parent=211905"}],"wp:term":[{"taxonomy":"category","embeddable":true,"href":"https:\/\/diarioregionaldigital.com.br\/index.php?rest_route=%2Fwp%2Fv2%2Fcategories&post=211905"},{"taxonomy":"post_tag","embeddable":true,"href":"https:\/\/diarioregionaldigital.com.br\/index.php?rest_route=%2Fwp%2Fv2%2Ftags&post=211905"}],"curies":[{"name":"wp","href":"https:\/\/api.w.org\/{rel}","templated":true}]}}