{"id":211881,"date":"2023-03-28T02:46:26","date_gmt":"2023-03-28T05:46:26","guid":{"rendered":"https:\/\/diarioregionaldigital.com.br\/?p=211881"},"modified":"2023-03-28T02:46:26","modified_gmt":"2023-03-28T05:46:26","slug":"prefeitos-pedem-participacao-na-construcao-de-novo-arcabouco-fiscal","status":"publish","type":"post","link":"https:\/\/diarioregionaldigital.com.br\/?p=211881","title":{"rendered":"Prefeitos pedem participa\u00e7\u00e3o na constru\u00e7\u00e3o de novo arcabou\u00e7o fiscal"},"content":{"rendered":"<p>A partir desta\u00a0<span id=\"OBJ_PREFIX_DWT446_com_zimbra_date\" role=\"link\">segunda<\/span>-feira (27), municipalistas de diversas regi\u00f5es do pa\u00eds come\u00e7am a desembarcar na capital da Rep\u00fablica para a 24\u00aa Marcha a Bras\u00edlia em Defesa dos Munic\u00edpios. Com expectativa de receber 10 mil participantes entre prefeitos, secret\u00e1rios municipais, vereadores, senadores, governadores, parlamentares estaduais e federais e ministros, as demandas das cidades para os Tr\u00eas Poderes estar\u00e3o em discuss\u00e3o at\u00e9\u00a0<span id=\"OBJ_PREFIX_DWT447_com_zimbra_date\" role=\"link\">quarta<\/span>-feira (29).<img decoding=\"async\" src=\"https:\/\/agenciabrasil.ebc.com.br\/ebc.png?id=1518937&amp;o=node\" \/><img decoding=\"async\" src=\"https:\/\/agenciabrasil.ebc.com.br\/ebc.gif?id=1518937&amp;o=node\" \/><\/p>\n<p>A abertura oficial ser\u00e1 nesta\u00a0<span id=\"OBJ_PREFIX_DWT448_com_zimbra_date\" role=\"link\">ter<\/span>\u00e7a-feira (28) e\u00a0<span id=\"OBJ_PREFIX_DWT449_com_zimbra_date\" role=\"link\">ter<\/span>\u00e1, segundo o presidente da Confedera\u00e7\u00e3o Nacional dos Munic\u00edpios, Paulo Ziulkoski,\u00a0a presen\u00e7a do vice-presidente da Rep\u00fablica, Geraldo Alckmin, al\u00e9m de ministros e dos presidentes da C\u00e2mara, Arthur Lira (PP-AL), e do Senado, Rodrigo Pacheco (PSD-MG).<\/p>\n<p>Na parte da tarde, uma mesa dever\u00e1 reunir a equipe econ\u00f4mica do governo Lula &#8211; os ministros Fernando Haddad (Fazenda) e Simone Tebet (Planejamento) -, al\u00e9m do secret\u00e1rio extraordin\u00e1rio da reforma tribut\u00e1ria, Bernard Appy, e do relator do grupo que discute o tema na C\u00e2mara, deputado Aguinaldo Ribeiro (PP-PB). Todos v\u00e3o tratar da reforma tribut\u00e1ria.<\/p>\n<h2>Pacto federativo<\/h2>\n<p>Nesta edi\u00e7\u00e3o, considerada a maior de todas pela CNM, o tema central dos debates \u00e9 o pacto federativo. Os prefeitos reclamam que ainda n\u00e3o foram chamados ao debate do novo arcabou\u00e7o fiscal com o governo Lula e, segundo presidente da CNM, a reforma tribut\u00e1ria s\u00f3 avan\u00e7ar\u00e1 se tiver o apoio dos prefeitos. &#8220;A reforma tribut\u00e1ria s\u00f3 vai sair se os prefeitos apoiarem. Os deputados federais ouvem as suas bases&#8221;, avaliou Ziulkoski.<\/p>\n<p>Uma das principais defesas da CNM \u00e9 uma mudan\u00e7a na legisla\u00e7\u00e3o para que o tributo fique na cidade onde houver o consumo. Atualmente, o dinheiro vai para o munic\u00edpio da sede da empresa.<\/p>\n<p>&#8220;Aqui est\u00e1 o fato gerador, aqui incide, gerou o tributo, aqui pagou e aqui ficou o recurso. N\u00e3o tem cabimento da forma que est\u00e1. Daria quase R$ 17 bilh\u00f5es por ano que n\u00f3s [prefeitos] estamos deixando de arrecadar&#8221;, argumentou.<\/p>\n<p>Atualmente, duas Propostas de Emenda \u00e0 Constitui\u00e7\u00e3o (PEC) para a reforma tribut\u00e1ria que tramitam no Congresso s\u00e3o defendidas pelo Minist\u00e9rio da Fazenda. Elas sugerem a unifica\u00e7\u00e3o de v\u00e1rios tributos e n\u00e3o v\u00e3o diminuir a arrecada\u00e7\u00e3o dos munic\u00edpios, segundo o governo federal. O presidente da CNM afirmou que a PEC 110 tem boa parte das demandas dos munic\u00edpios, mas que precisa de mais detalhes.<\/p>\n<p>&#8220;Na PEC 110 est\u00e3o praticamente 80% das nossas reivindica\u00e7\u00f5es. Se o relator, j\u00e1 disse ele, acolher [o texto] da 110, que ele est\u00e1 prometendo acolher, n\u00f3s podemos apoiar a reforma tribut\u00e1ria. Mas, primeiro, temos que ver. Eu n\u00e3o estou aqui antecipando o apoio. Mas os munic\u00edpios precisam disso a\u00ed, a sociedade, principalmente, precisa&#8221;, ressaltou.<\/p>\n<p>Outra preocupa\u00e7\u00e3o destacada pelo dirigente da CNM foi o impacto das medidas &#8211; tomadas pelo Executivo e Legislativo &#8211; nos cofres dos munic\u00edpios. Nesse sentido, ele destacou que n\u00e3o h\u00e1 mais espa\u00e7o para novos impactos e que o cumprimento de medidas atuais vai depender de uma solu\u00e7\u00e3o encontrada junto ao governo federal.<\/p>\n<p>Um dos exemplos dados pelo dirigente \u00e9 o piso nacional da enfermagem. Sob pena de n\u00e3o ser pago por falta de or\u00e7amento, se efetivado, os prefeitos defendem que ele venha acompanhado de aumento no Fundo de Participa\u00e7\u00e3o dos Munic\u00edpios (FPM).<\/p>\n<p><span style=\"font-weight: 400;\">Fonte: Ag\u00eancia Brasil <\/span><\/p>\n","protected":false},"excerpt":{"rendered":"<p>A partir desta\u00a0segunda-feira (27), municipalistas de diversas regi\u00f5es do pa\u00eds come\u00e7am a desembarcar na capital da Rep\u00fablica para a 24\u00aa Marcha a Bras\u00edlia em Defesa dos Munic\u00edpios. Com expectativa de receber 10 mil participantes entre prefeitos, secret\u00e1rios municipais, vereadores, senadores, governadores, parlamentares estaduais e federais e ministros, as demandas das cidades para os Tr\u00eas Poderes [&hellip;]<\/p>\n","protected":false},"author":246,"featured_media":211882,"comment_status":"closed","ping_status":"closed","sticky":false,"template":"","format":"standard","meta":{"footnotes":""},"categories":[436,261,439],"tags":[],"class_list":["post-211881","post","type-post","status-publish","format-standard","has-post-thumbnail","hentry","category-destaque-da-semana","category-economia","category-ultima-hora"],"_links":{"self":[{"href":"https:\/\/diarioregionaldigital.com.br\/index.php?rest_route=\/wp\/v2\/posts\/211881","targetHints":{"allow":["GET"]}}],"collection":[{"href":"https:\/\/diarioregionaldigital.com.br\/index.php?rest_route=\/wp\/v2\/posts"}],"about":[{"href":"https:\/\/diarioregionaldigital.com.br\/index.php?rest_route=\/wp\/v2\/types\/post"}],"author":[{"embeddable":true,"href":"https:\/\/diarioregionaldigital.com.br\/index.php?rest_route=\/wp\/v2\/users\/246"}],"replies":[{"embeddable":true,"href":"https:\/\/diarioregionaldigital.com.br\/index.php?rest_route=%2Fwp%2Fv2%2Fcomments&post=211881"}],"version-history":[{"count":1,"href":"https:\/\/diarioregionaldigital.com.br\/index.php?rest_route=\/wp\/v2\/posts\/211881\/revisions"}],"predecessor-version":[{"id":211883,"href":"https:\/\/diarioregionaldigital.com.br\/index.php?rest_route=\/wp\/v2\/posts\/211881\/revisions\/211883"}],"wp:featuredmedia":[{"embeddable":true,"href":"https:\/\/diarioregionaldigital.com.br\/index.php?rest_route=\/wp\/v2\/media\/211882"}],"wp:attachment":[{"href":"https:\/\/diarioregionaldigital.com.br\/index.php?rest_route=%2Fwp%2Fv2%2Fmedia&parent=211881"}],"wp:term":[{"taxonomy":"category","embeddable":true,"href":"https:\/\/diarioregionaldigital.com.br\/index.php?rest_route=%2Fwp%2Fv2%2Fcategories&post=211881"},{"taxonomy":"post_tag","embeddable":true,"href":"https:\/\/diarioregionaldigital.com.br\/index.php?rest_route=%2Fwp%2Fv2%2Ftags&post=211881"}],"curies":[{"name":"wp","href":"https:\/\/api.w.org\/{rel}","templated":true}]}}