{"id":211853,"date":"2023-03-24T18:38:01","date_gmt":"2023-03-24T21:38:01","guid":{"rendered":"https:\/\/diarioregionaldigital.com.br\/?p=211853"},"modified":"2023-03-24T18:38:01","modified_gmt":"2023-03-24T21:38:01","slug":"metroviarios-encerram-greve-em-sao-paulo","status":"publish","type":"post","link":"https:\/\/diarioregionaldigital.com.br\/?p=211853","title":{"rendered":"Metrovi\u00e1rios encerram greve em S\u00e3o Paulo"},"content":{"rendered":"<p>Os metrovi\u00e1rios decidiram em assembleia na manh\u00e3 desta sexta-feira (24) encerrar a greve da categoria, iniciada ontem (23). Os trabalhadores aceitaram a proposta do Metr\u00f4 que prev\u00ea abono salarial de R$ 2 mil, al\u00e9m da institui\u00e7\u00e3o de um programa de participa\u00e7\u00e3o nos resultados referente a 2023 com pagamento em 2024. Os funcion\u00e1rios da estatal estadual reivindicavam receber essa participa\u00e7\u00e3o retroativa aos anos de 2020, 2021 e 2022.<img decoding=\"async\" src=\"https:\/\/agenciabrasil.ebc.com.br\/ebc.png?id=1518499&amp;o=node\" \/><img decoding=\"async\" src=\"https:\/\/agenciabrasil.ebc.com.br\/ebc.gif?id=1518499&amp;o=node\" \/><\/p>\n<p>Na quinta-feira, a greve chegou a interromper completamente a opera\u00e7\u00e3o das linhas Azul, Verde, Vermelha e Prata. Os trabalhadores propuseram que o servi\u00e7o fosse mantido, mas com libera\u00e7\u00e3o das catracas para a popula\u00e7\u00e3o. Em carta encaminhada aos metrovi\u00e1rios, a empresa disse que aceitaria abrir as catracas para suspender a greve. O governador Tarc\u00edsio de Freitas usou as redes sociais para demonstrar apoio \u00e0 ideia.<\/p>\n<h2>Libera\u00e7\u00e3o das catracas<\/h2>\n<p>No entanto, ao mesmo tempo em que se manifestavam favoravelmente \u00e0 suspens\u00e3o da cobran\u00e7a das tarifas, o governo do estado e o Metr\u00f4 pediram ao Tribunal Regional do Trabalho, via mandado de seguran\u00e7a, que a Justi\u00e7a proibisse a ado\u00e7\u00e3o da medida.<\/p>\n<p>O pedido foi aceito e deferido pelo desembargador plantonista Ricardo Apostolico Silva, que proibiu a libera\u00e7\u00e3o das catracas e estipulou que 80% dos metrovi\u00e1rios trabalhassem durante a greve, nos hor\u00e1rios de pico.<\/p>\n<p>\u00c0 noite, em outra decis\u00e3o, a ju\u00edza do Tribunal Regional do Trabalho de S\u00e3o Paulo (TRT-SP) Eliane Aparecida da Silva Pedroso autorizou que o servi\u00e7o funcionasse sem cobran\u00e7a de passagens. Mesmo assim, a medida n\u00e3o foi adotada.<\/p>\n<h2>Ponto facultativo<\/h2>\n<p>O governador Tarc\u00edsio de Freitas e o prefeito da capital paulista, Ricardo Nunes, decretaram ponto facultativo nas reparti\u00e7\u00f5es p\u00fablicas estaduais da capital paulista e regi\u00e3o metropolitana nesta sexta-feira.<\/p>\n<p>Ainda ontem, no final do dia, o metr\u00f4 retomou a opera\u00e7\u00e3o parcial das linhas 1-Azul, 2-Verde e 3-Vermelha.<\/p>\n<h2>Propostas<\/h2>\n<p>Durante a assembleia que encerrou a greve, a presidenta do Sindicato dos Metrovi\u00e1rios de S\u00e3o Paulo, Camila Lisboa, disse que a proposta do governo era ruim, mas que a mobiliza\u00e7\u00e3o perderia for\u00e7a se continuasse pelo fim de semana.<\/p>\n<blockquote><p>\u201cEssa proposta \u00e9 um desrespeito com a categoria que trabalhou durante a pandemia, que est\u00e1 sofrendo nas esta\u00e7\u00f5es com pouqu\u00edssimos funcion\u00e1rios. \u00c9 um desrespeito. A gente merece muito mais do que isso\u201d, disse.<\/p><\/blockquote>\n<p>O Minist\u00e9rio P\u00fablico do Trabalho (MPT) fez uma proposta intermedi\u00e1ria, que sugeria o pagamento do valor de R$ 2,5 mil de abono por trabalhador, por ano, de 2020 a 2022, o cancelamento de puni\u00e7\u00f5es, a garantia de n\u00e3o retalia\u00e7\u00e3o aos grevistas e a aus\u00eancia de descontos dos dias parados.<\/p>\n<p>O Metr\u00f4 e o governo de S\u00e3o Paulo, entretanto, mantiveram na mesa apenas o pagamento de um \u00fanico abono salarial de R$ 2 mil . Diante do impasse, Camila Lisboa disse que via pouco espa\u00e7o para negocia\u00e7\u00e3o.<\/p>\n<p>\u201cO ambiente de negocia\u00e7\u00e3o durante a greve n\u00e3o est\u00e1 existindo ou foi muito insuficiente\u201d, disse durante a assembleia.<\/p>\n<h2>Retorno imediato<\/h2>\n<p>A recomenda\u00e7\u00e3o do sindicato \u00e9 que os trabalhadores retornem imediatamente ao trabalho. Em nota, a empresa diz que vai retomar 100% da opera\u00e7\u00e3o.<\/p>\n<p><span style=\"font-weight: 400;\">Fonte: Ag\u00eancia Brasil <\/span><\/p>\n","protected":false},"excerpt":{"rendered":"<p>Os metrovi\u00e1rios decidiram em assembleia na manh\u00e3 desta sexta-feira (24) encerrar a greve da categoria, iniciada ontem (23). Os trabalhadores aceitaram a proposta do Metr\u00f4 que prev\u00ea abono salarial de R$ 2 mil, al\u00e9m da institui\u00e7\u00e3o de um programa de participa\u00e7\u00e3o nos resultados referente a 2023 com pagamento em 2024. Os funcion\u00e1rios da estatal estadual [&hellip;]<\/p>\n","protected":false},"author":246,"featured_media":211854,"comment_status":"closed","ping_status":"closed","sticky":false,"template":"","format":"standard","meta":{"footnotes":""},"categories":[436,254,439],"tags":[],"class_list":["post-211853","post","type-post","status-publish","format-standard","has-post-thumbnail","hentry","category-destaque-da-semana","category-politica","category-ultima-hora"],"_links":{"self":[{"href":"https:\/\/diarioregionaldigital.com.br\/index.php?rest_route=\/wp\/v2\/posts\/211853","targetHints":{"allow":["GET"]}}],"collection":[{"href":"https:\/\/diarioregionaldigital.com.br\/index.php?rest_route=\/wp\/v2\/posts"}],"about":[{"href":"https:\/\/diarioregionaldigital.com.br\/index.php?rest_route=\/wp\/v2\/types\/post"}],"author":[{"embeddable":true,"href":"https:\/\/diarioregionaldigital.com.br\/index.php?rest_route=\/wp\/v2\/users\/246"}],"replies":[{"embeddable":true,"href":"https:\/\/diarioregionaldigital.com.br\/index.php?rest_route=%2Fwp%2Fv2%2Fcomments&post=211853"}],"version-history":[{"count":1,"href":"https:\/\/diarioregionaldigital.com.br\/index.php?rest_route=\/wp\/v2\/posts\/211853\/revisions"}],"predecessor-version":[{"id":211855,"href":"https:\/\/diarioregionaldigital.com.br\/index.php?rest_route=\/wp\/v2\/posts\/211853\/revisions\/211855"}],"wp:featuredmedia":[{"embeddable":true,"href":"https:\/\/diarioregionaldigital.com.br\/index.php?rest_route=\/wp\/v2\/media\/211854"}],"wp:attachment":[{"href":"https:\/\/diarioregionaldigital.com.br\/index.php?rest_route=%2Fwp%2Fv2%2Fmedia&parent=211853"}],"wp:term":[{"taxonomy":"category","embeddable":true,"href":"https:\/\/diarioregionaldigital.com.br\/index.php?rest_route=%2Fwp%2Fv2%2Fcategories&post=211853"},{"taxonomy":"post_tag","embeddable":true,"href":"https:\/\/diarioregionaldigital.com.br\/index.php?rest_route=%2Fwp%2Fv2%2Ftags&post=211853"}],"curies":[{"name":"wp","href":"https:\/\/api.w.org\/{rel}","templated":true}]}}