{"id":211850,"date":"2023-03-24T18:36:32","date_gmt":"2023-03-24T21:36:32","guid":{"rendered":"https:\/\/diarioregionaldigital.com.br\/?p=211850"},"modified":"2023-03-24T18:36:32","modified_gmt":"2023-03-24T21:36:32","slug":"eletronuclear-levou-4-meses-para-admitir-acidente-em-angra-diz-ibama","status":"publish","type":"post","link":"https:\/\/diarioregionaldigital.com.br\/?p=211850","title":{"rendered":"Eletronuclear levou 4 meses para admitir acidente em Angra, diz Ibama"},"content":{"rendered":"<p>O Instituto Brasileiro do Meio Ambiente e dos Recursos Naturais Renov\u00e1veis (Ibama) informou, nesta sexta-feira (24), que a Eletronuclear demorou quatro meses para\u00a0admitir\u00a0o despejo de subst\u00e2ncias radioativas da usina nuclear Angra 1 no mar. O incidente ocorreu em setembro do ano passado e, segundo o Ibama, s\u00f3 foi reconhecido pela estatal, respons\u00e1vel pelas usinas de Angra 1 e 2, em janeiro deste ano.<img decoding=\"async\" src=\"https:\/\/agenciabrasil.ebc.com.br\/ebc.png?id=1518541&amp;o=node\" \/><img decoding=\"async\" src=\"https:\/\/agenciabrasil.ebc.com.br\/ebc.gif?id=1518541&amp;o=node\" \/><\/p>\n<p>O acidente ocorreu no dia 16 de setembro de 2022. O Ibama diz que recebeu den\u00fancia an\u00f4nima sobre o incidente no dia 29 de setembro e que imediatamente comunicou o ocorrido \u00e0 Comiss\u00e3o Nacional de Energia Nuclear (Cnen).<\/p>\n<p>No dia seguinte, uma equipe do Ibama visitou a usina, mas o representante de Angra 1 negou que tivesse ocorrido vazamento. Segundo o instituto, em 7 de outubro, a Eletronuclear voltou a negar o ocorrido por meio de uma carta.<\/p>\n<p>A Eletronuclear s\u00f3 reconheceu oficialmente para o Ibama a ocorr\u00eancia do despejo de subst\u00e2ncias radioativas no mar no dia 30 de janeiro deste ano, ou seja, mais de quatro meses depois.<\/p>\n<p>No fim deste m\u00eas, o Ibama decidiu emitir dois autos de infra\u00e7\u00e3o contra a Eletronuclear, no valor total de R$ 2,1 milh\u00f5es, considerando que a empresa n\u00e3o comunicou o incidente imediatamente ap\u00f3s o ocorrido, como determina a Licen\u00e7a de Opera\u00e7\u00e3o da empresa.<\/p>\n<h2>Eletronuclear<\/h2>\n<p>Em nota, a Eletronuclear informou que foram despejados 90 litros de \u00e1gua contendo subst\u00e2ncias de \u201cbaixo teor radioativo\u201d.<\/p>\n<p>\u201cComo os valores estavam muito abaixo dos limites da legisla\u00e7\u00e3o que caracterizam a ocorr\u00eancia de um acidente, a empresa tratou o evento como incidente operacional interno e informou o assunto nos relat\u00f3rios regulares enviados \u00e0s autoridades competentes\u201d, diz a nota.<\/p>\n<p>No texto, a estatal informa que fez an\u00e1lises de amostras da \u00e1gua do mar e de sedimentos marinhos, por conta pr\u00f3pria e a pedido do Ibama, e encontrou radionucl\u00eddeos provenientes da usina em sedimentos marinhos.<\/p>\n<p>\u201cForam encontrados dois elementos com uma atividade radiol\u00f3gica baixa, fato que foi devidamente informado aos \u00f3rg\u00e3os fiscalizadores. Para se ter ideia, o valor verificado foi bem menor do que o recebido por um indiv\u00edduo submetido a uma radiografia de t\u00f3rax e cerca de 1.000 vezes menor que a exposi\u00e7\u00e3o anual proveniente da radia\u00e7\u00e3o natural, presente no nosso dia a dia.\u201d<\/p>\n<p>De acordo com a Eletronuclear, como o valor \u00e9 tamb\u00e9m menos de 2% do limite de dose estabelecida pelas normas da Cnen, a estatal concluiu n\u00e3o ter havido impacto radiol\u00f3gico para o meio ambiente.<\/p>\n<p>A estatal informou ainda que vai recorrer da multa junto ao Ibama, j\u00e1 que alega ter cumprido o que determina a legisla\u00e7\u00e3o.<\/p>\n<p>\u201cA diretoria executiva da Eletronuclear, empossada ap\u00f3s os acontecimentos, ressalta que abriu processo interno para apurar se houve alguma falha nas comunica\u00e7\u00f5es e est\u00e1 tomando as provid\u00eancias para que, daqui para frente, todos os eventos sejam divulgados com ampla transpar\u00eancia e publicidade.\u201d<\/p>\n<p>O Ibama, por sua vez, informou que \u201cestuda medidas adicionais para evitar que epis\u00f3dios semelhantes voltem a ocorrer\u201d.<\/p>\n<p><span style=\"font-weight: 400;\"><br \/>\n<\/span><span style=\"font-weight: 400;\">Fonte: Ag\u00eancia Brasil <\/span><\/p>\n","protected":false},"excerpt":{"rendered":"<p>O Instituto Brasileiro do Meio Ambiente e dos Recursos Naturais Renov\u00e1veis (Ibama) informou, nesta sexta-feira (24), que a Eletronuclear demorou quatro meses para\u00a0admitir\u00a0o despejo de subst\u00e2ncias radioativas da usina nuclear Angra 1 no mar. O incidente ocorreu em setembro do ano passado e, segundo o Ibama, s\u00f3 foi reconhecido pela estatal, respons\u00e1vel pelas usinas de [&hellip;]<\/p>\n","protected":false},"author":246,"featured_media":211851,"comment_status":"closed","ping_status":"closed","sticky":false,"template":"","format":"standard","meta":{"footnotes":""},"categories":[436,254,439],"tags":[],"class_list":["post-211850","post","type-post","status-publish","format-standard","has-post-thumbnail","hentry","category-destaque-da-semana","category-politica","category-ultima-hora"],"_links":{"self":[{"href":"https:\/\/diarioregionaldigital.com.br\/index.php?rest_route=\/wp\/v2\/posts\/211850","targetHints":{"allow":["GET"]}}],"collection":[{"href":"https:\/\/diarioregionaldigital.com.br\/index.php?rest_route=\/wp\/v2\/posts"}],"about":[{"href":"https:\/\/diarioregionaldigital.com.br\/index.php?rest_route=\/wp\/v2\/types\/post"}],"author":[{"embeddable":true,"href":"https:\/\/diarioregionaldigital.com.br\/index.php?rest_route=\/wp\/v2\/users\/246"}],"replies":[{"embeddable":true,"href":"https:\/\/diarioregionaldigital.com.br\/index.php?rest_route=%2Fwp%2Fv2%2Fcomments&post=211850"}],"version-history":[{"count":1,"href":"https:\/\/diarioregionaldigital.com.br\/index.php?rest_route=\/wp\/v2\/posts\/211850\/revisions"}],"predecessor-version":[{"id":211852,"href":"https:\/\/diarioregionaldigital.com.br\/index.php?rest_route=\/wp\/v2\/posts\/211850\/revisions\/211852"}],"wp:featuredmedia":[{"embeddable":true,"href":"https:\/\/diarioregionaldigital.com.br\/index.php?rest_route=\/wp\/v2\/media\/211851"}],"wp:attachment":[{"href":"https:\/\/diarioregionaldigital.com.br\/index.php?rest_route=%2Fwp%2Fv2%2Fmedia&parent=211850"}],"wp:term":[{"taxonomy":"category","embeddable":true,"href":"https:\/\/diarioregionaldigital.com.br\/index.php?rest_route=%2Fwp%2Fv2%2Fcategories&post=211850"},{"taxonomy":"post_tag","embeddable":true,"href":"https:\/\/diarioregionaldigital.com.br\/index.php?rest_route=%2Fwp%2Fv2%2Ftags&post=211850"}],"curies":[{"name":"wp","href":"https:\/\/api.w.org\/{rel}","templated":true}]}}