{"id":211847,"date":"2023-03-24T18:28:08","date_gmt":"2023-03-24T21:28:08","guid":{"rendered":"https:\/\/diarioregionaldigital.com.br\/?p=211847"},"modified":"2023-03-24T18:28:08","modified_gmt":"2023-03-24T21:28:08","slug":"stf-derruba-lei-do-df-que-autorizou-parcelamento-de-multas-de-transito","status":"publish","type":"post","link":"https:\/\/diarioregionaldigital.com.br\/?p=211847","title":{"rendered":"STF derruba lei do DF que autorizou parcelamento de multas de tr\u00e2nsito"},"content":{"rendered":"<p>O Supremo Tribunal Federal (STF) formou hoje (24) maioria de votos para considerar inconstitucional a lei do Distrito Federal que permitiu o parcelamento de multas de tr\u00e2nsito em at\u00e9 12 vezes no cart\u00e3o de cr\u00e9dito.\u00a0<img decoding=\"async\" src=\"https:\/\/agenciabrasil.ebc.com.br\/ebc.png?id=1518608&amp;o=node\" \/><img decoding=\"async\" src=\"https:\/\/agenciabrasil.ebc.com.br\/ebc.gif?id=1518608&amp;o=node\" \/><\/p>\n<p>O julgamento ocorre no plen\u00e1rio virtual da Corte, modalidade na qual os ministros inserem os votos no sistema e n\u00e3o h\u00e1 delibera\u00e7\u00e3o presencial. A vota\u00e7\u00e3o vai at\u00e9 \u00e0s 23h59.<\/p>\n<p>At\u00e9 o momento, oito ministros votaram pela inconstitucionalidade da Lei n\u00b0 5.551\/2015, de autoria da ent\u00e3o deputada distrital Celina Le\u00e3o, atual vice-governadora.<\/p>\n<p>A maioria seguiu entendimento do ministro Ricardo Lewandowski, relator do caso. No voto apresentado, o ministro reconheceu a \u201cboa inten\u00e7\u00e3o\u201d da lei ao propor o parcelamento, mas afirmou que a norma \u00e9 inconstitucional por invadir a compet\u00eancia da Uni\u00e3o para legislar sobre a mat\u00e9ria.<\/p>\n<p>\u201cEntretanto, as normas impugnadas na presente a\u00e7\u00e3o, sobre possibilidade de parcelamento de multas de tr\u00e2nsito, de efetua\u00e7\u00e3o de pagamento por cart\u00e3o de cr\u00e9dito ou d\u00e9bito, est\u00e3o eivadas de v\u00edcio de inconstitucionalidade formal\u201d, justificou o ministro.<\/p>\n<p>O voto foi seguido pelos ministros Alexandre de Moraes, Andr\u00e9 Mendon\u00e7a, C\u00e1rmen L\u00facia, Edson Fachin, Gilmar Mendes, Dias Toffoli e Lu\u00eds Roberto Barroso.<\/p>\n<p>A a\u00e7\u00e3o foi proposta em 2020 pela Procuradoria-Geral da Rep\u00fablica (PGR).<\/p>\n<p><span style=\"font-weight: 400;\">Fonte: Ag\u00eancia Brasil <\/span><\/p>\n","protected":false},"excerpt":{"rendered":"<p>O Supremo Tribunal Federal (STF) formou hoje (24) maioria de votos para considerar inconstitucional a lei do Distrito Federal que permitiu o parcelamento de multas de tr\u00e2nsito em at\u00e9 12 vezes no cart\u00e3o de cr\u00e9dito.\u00a0 O julgamento ocorre no plen\u00e1rio virtual da Corte, modalidade na qual os ministros inserem os votos no sistema e n\u00e3o [&hellip;]<\/p>\n","protected":false},"author":246,"featured_media":211848,"comment_status":"closed","ping_status":"closed","sticky":false,"template":"","format":"standard","meta":{"footnotes":""},"categories":[436,254,439],"tags":[],"class_list":["post-211847","post","type-post","status-publish","format-standard","has-post-thumbnail","hentry","category-destaque-da-semana","category-politica","category-ultima-hora"],"_links":{"self":[{"href":"https:\/\/diarioregionaldigital.com.br\/index.php?rest_route=\/wp\/v2\/posts\/211847","targetHints":{"allow":["GET"]}}],"collection":[{"href":"https:\/\/diarioregionaldigital.com.br\/index.php?rest_route=\/wp\/v2\/posts"}],"about":[{"href":"https:\/\/diarioregionaldigital.com.br\/index.php?rest_route=\/wp\/v2\/types\/post"}],"author":[{"embeddable":true,"href":"https:\/\/diarioregionaldigital.com.br\/index.php?rest_route=\/wp\/v2\/users\/246"}],"replies":[{"embeddable":true,"href":"https:\/\/diarioregionaldigital.com.br\/index.php?rest_route=%2Fwp%2Fv2%2Fcomments&post=211847"}],"version-history":[{"count":1,"href":"https:\/\/diarioregionaldigital.com.br\/index.php?rest_route=\/wp\/v2\/posts\/211847\/revisions"}],"predecessor-version":[{"id":211849,"href":"https:\/\/diarioregionaldigital.com.br\/index.php?rest_route=\/wp\/v2\/posts\/211847\/revisions\/211849"}],"wp:featuredmedia":[{"embeddable":true,"href":"https:\/\/diarioregionaldigital.com.br\/index.php?rest_route=\/wp\/v2\/media\/211848"}],"wp:attachment":[{"href":"https:\/\/diarioregionaldigital.com.br\/index.php?rest_route=%2Fwp%2Fv2%2Fmedia&parent=211847"}],"wp:term":[{"taxonomy":"category","embeddable":true,"href":"https:\/\/diarioregionaldigital.com.br\/index.php?rest_route=%2Fwp%2Fv2%2Fcategories&post=211847"},{"taxonomy":"post_tag","embeddable":true,"href":"https:\/\/diarioregionaldigital.com.br\/index.php?rest_route=%2Fwp%2Fv2%2Ftags&post=211847"}],"curies":[{"name":"wp","href":"https:\/\/api.w.org\/{rel}","templated":true}]}}