{"id":211841,"date":"2023-03-24T18:24:26","date_gmt":"2023-03-24T21:24:26","guid":{"rendered":"https:\/\/diarioregionaldigital.com.br\/?p=211841"},"modified":"2023-03-24T18:24:26","modified_gmt":"2023-03-24T21:24:26","slug":"eletronuclear-e-multada-por-liberacao-de-material-radioativo-no-mar","status":"publish","type":"post","link":"https:\/\/diarioregionaldigital.com.br\/?p=211841","title":{"rendered":"Eletronuclear \u00e9 multada por libera\u00e7\u00e3o de material radioativo no mar"},"content":{"rendered":"<p>O Instituto Brasileiro do Meio Ambiente e dos Recursos Naturais Renov\u00e1veis (Ibama) multou a Eletronuclear por um acidente ocorrido na Usina Nuclear Angra 1\u00a0em setembro do ano passado.\u00a0A informa\u00e7\u00e3o foi divulgada pela pr\u00f3pria empresa, que administra o complexo nuclear de Angra dos Reis.<img decoding=\"async\" src=\"https:\/\/agenciabrasil.ebc.com.br\/ebc.png?id=1518476&amp;o=node\" \/><img decoding=\"async\" src=\"https:\/\/agenciabrasil.ebc.com.br\/ebc.gif?id=1518476&amp;o=node\" \/><\/p>\n<p>O acidente envolveu a libera\u00e7\u00e3o n\u00e3o programada de \u00e1gua contaminada com subst\u00e2ncias radioativas na Ba\u00eda de Itaorna, no litoral sul fluminense.<\/p>\n<p>Na \u00faltima\u00a0<span id=\"OBJ_PREFIX_DWT326_com_zimbra_date\" role=\"link\">quarta<\/span>-feira (22), a Justi\u00e7a Federal determinou que a Eletronuclear realize, em at\u00e9 30 dias, uma avalia\u00e7\u00e3o completa dos danos causados no acidente, a pedido do Minist\u00e9rio P\u00fablico Federal (MPF).<\/p>\n<p>Al\u00e9m disso, a Vara \u00danica de Angra dos Reis determinou que a Eletronuclear evite atividades que possam agravar a contamina\u00e7\u00e3o ambiental da \u00e1rea afetada pelo acidente, incluindo o descarte inadequado de novos res\u00edduos radioativos.<\/p>\n<p>Segundo a Justi\u00e7a, relat\u00f3rio do Ibama apontou falha estritamente humana, enquanto a Eletronuclear aponta problemas de corros\u00e3o de tubula\u00e7\u00f5es, falha humana e condi\u00e7\u00f5es clim\u00e1ticas.<\/p>\n<p>Na a\u00e7\u00e3o civil p\u00fablica, o MPF considera que a Eletronuclear teria tentado esconder o incidente\u00a0e pede a responsabiliza\u00e7\u00e3o da estatal.<\/p>\n<p>Em nota, a Eletronuclear informou que, no dia\u00a0<span id=\"OBJ_PREFIX_DWT327_com_zimbra_date\" role=\"link\">16 de setembro<\/span>, Angra 1 fez libera\u00e7\u00e3o n\u00e3o programa de \u201cpequeno volume de \u00e1gua contendo subst\u00e2ncias de baixo teor de radioatividade\u201d.<\/p>\n<p>A empresa disse\u00a0que os \u00edndices de radioatividade estavam abaixo dos limites da legisla\u00e7\u00e3o que caracterizam a ocorr\u00eancia de um acidente.<\/p>\n<p>\u201cA empresa tratou o evento como incidente operacional e informou o assunto nos relat\u00f3rios regulares previstos. Inicialmente, por conta pr\u00f3pria e depois sob demanda do Ibama, a empresa intensificou a monitora\u00e7\u00e3o radiol\u00f3gica no local de despejo das \u00e1guas fluviais sem encontrar nenhum resultado significativo\u201d, informa a nota da Eletronuclear.<\/p>\n<p>Segundo a estatal, na semana passada o Minist\u00e9rio do Meio Ambiente encaminhou relat\u00f3rios de fiscaliza\u00e7\u00e3o e autos de infra\u00e7\u00e3o referentes ao incidente.<\/p>\n<p>\u201cA empresa respeita a avalia\u00e7\u00e3o dos t\u00e9cnicos do Ibama, mas destaca que pretende recorrer ao \u00f3rg\u00e3o, uma vez que entende\u00a0<span id=\"OBJ_PREFIX_DWT328_com_zimbra_date\" role=\"link\">ter<\/span>\u00a0cumprido o que determina a legisla\u00e7\u00e3o. Quanto \u00e0\u00a0acusa\u00e7\u00e3o de falta de transpar\u00eancia, a empresa esclarece que os comunicados sobre o assunto foram publicados em seu\u00a0<em>site<\/em>\u201d.<\/p>\n<p><span style=\"font-weight: 400;\"><br \/>\n<\/span><span style=\"font-weight: 400;\">Fonte: Ag\u00eancia Brasil <\/span><\/p>\n","protected":false},"excerpt":{"rendered":"<p>O Instituto Brasileiro do Meio Ambiente e dos Recursos Naturais Renov\u00e1veis (Ibama) multou a Eletronuclear por um acidente ocorrido na Usina Nuclear Angra 1\u00a0em setembro do ano passado.\u00a0A informa\u00e7\u00e3o foi divulgada pela pr\u00f3pria empresa, que administra o complexo nuclear de Angra dos Reis. O acidente envolveu a libera\u00e7\u00e3o n\u00e3o programada de \u00e1gua contaminada com subst\u00e2ncias [&hellip;]<\/p>\n","protected":false},"author":246,"featured_media":211842,"comment_status":"closed","ping_status":"closed","sticky":false,"template":"","format":"standard","meta":{"footnotes":""},"categories":[436,254,439],"tags":[],"class_list":["post-211841","post","type-post","status-publish","format-standard","has-post-thumbnail","hentry","category-destaque-da-semana","category-politica","category-ultima-hora"],"_links":{"self":[{"href":"https:\/\/diarioregionaldigital.com.br\/index.php?rest_route=\/wp\/v2\/posts\/211841","targetHints":{"allow":["GET"]}}],"collection":[{"href":"https:\/\/diarioregionaldigital.com.br\/index.php?rest_route=\/wp\/v2\/posts"}],"about":[{"href":"https:\/\/diarioregionaldigital.com.br\/index.php?rest_route=\/wp\/v2\/types\/post"}],"author":[{"embeddable":true,"href":"https:\/\/diarioregionaldigital.com.br\/index.php?rest_route=\/wp\/v2\/users\/246"}],"replies":[{"embeddable":true,"href":"https:\/\/diarioregionaldigital.com.br\/index.php?rest_route=%2Fwp%2Fv2%2Fcomments&post=211841"}],"version-history":[{"count":1,"href":"https:\/\/diarioregionaldigital.com.br\/index.php?rest_route=\/wp\/v2\/posts\/211841\/revisions"}],"predecessor-version":[{"id":211843,"href":"https:\/\/diarioregionaldigital.com.br\/index.php?rest_route=\/wp\/v2\/posts\/211841\/revisions\/211843"}],"wp:featuredmedia":[{"embeddable":true,"href":"https:\/\/diarioregionaldigital.com.br\/index.php?rest_route=\/wp\/v2\/media\/211842"}],"wp:attachment":[{"href":"https:\/\/diarioregionaldigital.com.br\/index.php?rest_route=%2Fwp%2Fv2%2Fmedia&parent=211841"}],"wp:term":[{"taxonomy":"category","embeddable":true,"href":"https:\/\/diarioregionaldigital.com.br\/index.php?rest_route=%2Fwp%2Fv2%2Fcategories&post=211841"},{"taxonomy":"post_tag","embeddable":true,"href":"https:\/\/diarioregionaldigital.com.br\/index.php?rest_route=%2Fwp%2Fv2%2Ftags&post=211841"}],"curies":[{"name":"wp","href":"https:\/\/api.w.org\/{rel}","templated":true}]}}