{"id":211838,"date":"2023-03-24T18:22:19","date_gmt":"2023-03-24T21:22:19","guid":{"rendered":"https:\/\/diarioregionaldigital.com.br\/?p=211838"},"modified":"2023-03-24T18:22:19","modified_gmt":"2023-03-24T21:22:19","slug":"bolsonaro-devolve-joias-e-armas-presenteadas-pelo-governo-saudita","status":"publish","type":"post","link":"https:\/\/diarioregionaldigital.com.br\/?p=211838","title":{"rendered":"Bolsonaro devolve joias e armas presenteadas pelo governo saudita"},"content":{"rendered":"<p>Por meio de seus advogados, o ex-presidente Jair Bolsonaro, entregou nesta sexta-feira (24), as joias e as armas que recebeu de presente da Ar\u00e1bia Saudita . &#8220;Armas presenteadas por governo estrangeiro a ex-autoridade brasileira foram devolvidas, ser\u00e3o periciadas e acauteladas para procedimentos posteriores&#8221;, informou pelo Twitter o ministro da Justi\u00e7a e Seguran\u00e7a P\u00fablica, Fl\u00e1vio Dino. Em 2019, o ex-presidente ganhou de presente de representantes dos Emirados \u00c1rabes uma pistola e um fuzil.<img decoding=\"async\" src=\"https:\/\/agenciabrasil.ebc.com.br\/ebc.png?id=1518569&amp;o=node\" \/><img decoding=\"async\" src=\"https:\/\/agenciabrasil.ebc.com.br\/ebc.gif?id=1518569&amp;o=node\" \/><\/p>\n<p>Outro presente do governo saudita, dado em 2021, um estojo com um rel\u00f3gio, uma caneta, abotoaduras, um anel e um tipo de ros\u00e1rio, da marca su\u00ed\u00e7a de diamantes Chopard, avaliados em R$ 500 mil,\u00a0 tamb\u00e9m foram desenvolvidas hoje em uma ag\u00eancia da\u00a0 Caixa Econ\u00f4mica Federal, em Bras\u00edlia.<\/p>\n<p>A devolu\u00e7\u00e3o foi uma determina\u00e7\u00e3o do Tribunal de Contas da Uni\u00e3o (TCU). No \u00faltimo dia 15, o ministro Bruno Dantas, presidente da Corte determinou que o material fosse entregue na Secretaria-Geral da Presid\u00eancia da Rep\u00fablica. Dantas lembrou que para um presente ser incorporado ao patrim\u00f4nio privado de um presidente, ele deve ser classificado como item personal\u00edssimo e ser de baixo valor.<\/p>\n<p>O tribunal determinou que o conjunto de joias e o rel\u00f3gio avaliado em R$ 16,5 milh\u00f5es que seria para a ex-primeira-dama Michelle Bolsonaro, retido pela Receita Federal no Aeroporto Internacional de S\u00e3o Paulo\/Guarulhos em 2021, tamb\u00e9m deve ser enviado \u00e0 Caixa. Os artigos entraram no Brasil na mochila do assessor do ent\u00e3o ministro Bento Albuquerque (Minas e Energia).<\/p>\n<p><span style=\"font-weight: 400;\">Fonte: Ag\u00eancia Brasil <\/span><\/p>\n","protected":false},"excerpt":{"rendered":"<p>Por meio de seus advogados, o ex-presidente Jair Bolsonaro, entregou nesta sexta-feira (24), as joias e as armas que recebeu de presente da Ar\u00e1bia Saudita . &#8220;Armas presenteadas por governo estrangeiro a ex-autoridade brasileira foram devolvidas, ser\u00e3o periciadas e acauteladas para procedimentos posteriores&#8221;, informou pelo Twitter o ministro da Justi\u00e7a e Seguran\u00e7a P\u00fablica, Fl\u00e1vio Dino. [&hellip;]<\/p>\n","protected":false},"author":246,"featured_media":211839,"comment_status":"closed","ping_status":"closed","sticky":false,"template":"","format":"standard","meta":{"footnotes":""},"categories":[436,440,254,439],"tags":[],"class_list":["post-211838","post","type-post","status-publish","format-standard","has-post-thumbnail","hentry","category-destaque-da-semana","category-destaques-do-dia","category-politica","category-ultima-hora"],"_links":{"self":[{"href":"https:\/\/diarioregionaldigital.com.br\/index.php?rest_route=\/wp\/v2\/posts\/211838","targetHints":{"allow":["GET"]}}],"collection":[{"href":"https:\/\/diarioregionaldigital.com.br\/index.php?rest_route=\/wp\/v2\/posts"}],"about":[{"href":"https:\/\/diarioregionaldigital.com.br\/index.php?rest_route=\/wp\/v2\/types\/post"}],"author":[{"embeddable":true,"href":"https:\/\/diarioregionaldigital.com.br\/index.php?rest_route=\/wp\/v2\/users\/246"}],"replies":[{"embeddable":true,"href":"https:\/\/diarioregionaldigital.com.br\/index.php?rest_route=%2Fwp%2Fv2%2Fcomments&post=211838"}],"version-history":[{"count":1,"href":"https:\/\/diarioregionaldigital.com.br\/index.php?rest_route=\/wp\/v2\/posts\/211838\/revisions"}],"predecessor-version":[{"id":211840,"href":"https:\/\/diarioregionaldigital.com.br\/index.php?rest_route=\/wp\/v2\/posts\/211838\/revisions\/211840"}],"wp:featuredmedia":[{"embeddable":true,"href":"https:\/\/diarioregionaldigital.com.br\/index.php?rest_route=\/wp\/v2\/media\/211839"}],"wp:attachment":[{"href":"https:\/\/diarioregionaldigital.com.br\/index.php?rest_route=%2Fwp%2Fv2%2Fmedia&parent=211838"}],"wp:term":[{"taxonomy":"category","embeddable":true,"href":"https:\/\/diarioregionaldigital.com.br\/index.php?rest_route=%2Fwp%2Fv2%2Fcategories&post=211838"},{"taxonomy":"post_tag","embeddable":true,"href":"https:\/\/diarioregionaldigital.com.br\/index.php?rest_route=%2Fwp%2Fv2%2Ftags&post=211838"}],"curies":[{"name":"wp","href":"https:\/\/api.w.org\/{rel}","templated":true}]}}