{"id":211829,"date":"2023-03-24T18:15:20","date_gmt":"2023-03-24T21:15:20","guid":{"rendered":"https:\/\/diarioregionaldigital.com.br\/?p=211829"},"modified":"2023-03-24T18:15:20","modified_gmt":"2023-03-24T21:15:20","slug":"previa-da-inflacao-oficial-cai-para-069-em-marco","status":"publish","type":"post","link":"https:\/\/diarioregionaldigital.com.br\/?p=211829","title":{"rendered":"Pr\u00e9via da infla\u00e7\u00e3o oficial cai para 0,69% em mar\u00e7o"},"content":{"rendered":"<p>O \u00cdndice de Pre\u00e7os ao Consumidor Amplo 15 (IPCA-15), que mede a pr\u00e9via da infla\u00e7\u00e3o oficial, registrou varia\u00e7\u00e3o de 0,69% em mar\u00e7o deste ano. A taxa \u00e9 inferior ao 0,76% de fevereiro deste ano e ao 0,95% de mar\u00e7o do ano passado.<img decoding=\"async\" src=\"https:\/\/agenciabrasil.ebc.com.br\/ebc.png?id=1518492&amp;o=node\" \/><img decoding=\"async\" src=\"https:\/\/agenciabrasil.ebc.com.br\/ebc.gif?id=1518492&amp;o=node\" \/><\/p>\n<p>Segundo os dados divulgados nesta\u00a0<span id=\"OBJ_PREFIX_DWT426_com_zimbra_date\" role=\"link\">sexta<\/span>-feira (24) pelo Instituto Brasileiro de Geografia e Estat\u00edstica (IBGE), o IPCA-15 acumula taxa de infla\u00e7\u00e3o de 2,01% no ano. Em 12 meses, a taxa acumulada \u00e9 de 5,36%, abaixo dos 5,63% acumulados at\u00e9 fevereiro.<\/p>\n<p>Dos nove grupos de produtos e servi\u00e7os pesquisados, oito tiveram alta de pre\u00e7os na pr\u00e9via<span id=\"OBJ_PREFIX_DWT427_com_zimbra_date\" role=\"link\">\u00a0de mar<\/span>\u00e7o, com destaque para transportes, com taxa de infla\u00e7\u00e3o de 1,50%. O resultado foi influenciado, principalmente, pela alta de 5,76% da gasolina.<\/p>\n<p>Depois dos transportes, os principais impactos vieram dos grupos sa\u00fade e cuidados pessoais (1,18%) e habita\u00e7\u00e3o (0,81%). No primeiro grupo, o principal impacto veio dos perfumes (5,88%), e em habita\u00e7\u00e3o, o maior respons\u00e1vel pela alta de pre\u00e7os foi a energia el\u00e9trica residencial (2,85%).<\/p>\n<p>Alimenta\u00e7\u00e3o e bebidas tamb\u00e9m registraram infla\u00e7\u00e3o (0,20%), mas com taxa menor que na pr\u00e9via<span id=\"OBJ_PREFIX_DWT428_com_zimbra_date\" role=\"link\">\u00a0de fevereiro<\/span>\u00a0(0,39%). A queda do \u00edndice\u00a0nesse grupo veio de itens como batata-inglesa (-13,14%), tomate (-6,34%), cebola (-12,13%), \u00f3leo de soja (-2,47%), contrafil\u00e9 (-2,04%) e frango em peda\u00e7os (-1,94%).<\/p>\n<p>Artigos de resid\u00eancia foi o \u00fanico grupo de despesa com defla\u00e7\u00e3o (queda de pre\u00e7os): -0,18%. Os demais grupos tiveram as seguintes taxas de infla\u00e7\u00e3o na pr\u00e9via<span id=\"OBJ_PREFIX_DWT429_com_zimbra_date\" role=\"link\">\u00a0de mar<\/span>\u00e7o: comunica\u00e7\u00e3o (0,75%), despesas pessoais (0,28%), vestu\u00e1rio (0,11%) e educa\u00e7\u00e3o (0,08%).<\/p>\n<p><span style=\"font-weight: 400;\">Fonte: Ag\u00eancia Brasil <\/span><\/p>\n","protected":false},"excerpt":{"rendered":"<p>O \u00cdndice de Pre\u00e7os ao Consumidor Amplo 15 (IPCA-15), que mede a pr\u00e9via da infla\u00e7\u00e3o oficial, registrou varia\u00e7\u00e3o de 0,69% em mar\u00e7o deste ano. A taxa \u00e9 inferior ao 0,76% de fevereiro deste ano e ao 0,95% de mar\u00e7o do ano passado. Segundo os dados divulgados nesta\u00a0sexta-feira (24) pelo Instituto Brasileiro de Geografia e Estat\u00edstica [&hellip;]<\/p>\n","protected":false},"author":246,"featured_media":211830,"comment_status":"closed","ping_status":"closed","sticky":false,"template":"","format":"standard","meta":{"footnotes":""},"categories":[436,261,439],"tags":[],"class_list":["post-211829","post","type-post","status-publish","format-standard","has-post-thumbnail","hentry","category-destaque-da-semana","category-economia","category-ultima-hora"],"_links":{"self":[{"href":"https:\/\/diarioregionaldigital.com.br\/index.php?rest_route=\/wp\/v2\/posts\/211829","targetHints":{"allow":["GET"]}}],"collection":[{"href":"https:\/\/diarioregionaldigital.com.br\/index.php?rest_route=\/wp\/v2\/posts"}],"about":[{"href":"https:\/\/diarioregionaldigital.com.br\/index.php?rest_route=\/wp\/v2\/types\/post"}],"author":[{"embeddable":true,"href":"https:\/\/diarioregionaldigital.com.br\/index.php?rest_route=\/wp\/v2\/users\/246"}],"replies":[{"embeddable":true,"href":"https:\/\/diarioregionaldigital.com.br\/index.php?rest_route=%2Fwp%2Fv2%2Fcomments&post=211829"}],"version-history":[{"count":1,"href":"https:\/\/diarioregionaldigital.com.br\/index.php?rest_route=\/wp\/v2\/posts\/211829\/revisions"}],"predecessor-version":[{"id":211831,"href":"https:\/\/diarioregionaldigital.com.br\/index.php?rest_route=\/wp\/v2\/posts\/211829\/revisions\/211831"}],"wp:featuredmedia":[{"embeddable":true,"href":"https:\/\/diarioregionaldigital.com.br\/index.php?rest_route=\/wp\/v2\/media\/211830"}],"wp:attachment":[{"href":"https:\/\/diarioregionaldigital.com.br\/index.php?rest_route=%2Fwp%2Fv2%2Fmedia&parent=211829"}],"wp:term":[{"taxonomy":"category","embeddable":true,"href":"https:\/\/diarioregionaldigital.com.br\/index.php?rest_route=%2Fwp%2Fv2%2Fcategories&post=211829"},{"taxonomy":"post_tag","embeddable":true,"href":"https:\/\/diarioregionaldigital.com.br\/index.php?rest_route=%2Fwp%2Fv2%2Ftags&post=211829"}],"curies":[{"name":"wp","href":"https:\/\/api.w.org\/{rel}","templated":true}]}}