{"id":211814,"date":"2023-03-24T00:36:24","date_gmt":"2023-03-24T03:36:24","guid":{"rendered":"https:\/\/diarioregionaldigital.com.br\/?p=211814"},"modified":"2023-03-24T00:36:24","modified_gmt":"2023-03-24T03:36:24","slug":"prefeitura-realiza-operacao-tapa-buracos-no-democrata-e-em-outros-23-bairros-nesta-quinta-feira-23","status":"publish","type":"post","link":"https:\/\/diarioregionaldigital.com.br\/?p=211814","title":{"rendered":"Prefeitura realiza opera\u00e7\u00e3o tapa-buracos no Democrata e em outros 23 bairros nesta quinta-feira, 23"},"content":{"rendered":"<p>Segundo informa\u00e7\u00f5es do site da Prefeitura de Juiz de Fora (PJF), a PJF, atrav\u00e9s das equipes da Empresa Municipal de Pavimenta\u00e7\u00e3o e Urbanidades (Empav), intensificou os trabalhos da opera\u00e7\u00e3o tapa-buracos em diversos pontos da cidade nesta quinta-feira, 23. Ao todo, foram 40 vias atendidas em 24 bairros diferentes.<\/p>\n<p>Dentre os locais atendidos, destaque para a rua Carangola, no bairro Democrata, onde a Empav segue com reparos no pavimento por toda via. Outro bairro onde a opera\u00e7\u00e3o tapa-buracos tamb\u00e9m segue em andamento \u00e9 o Bela Aurora, na Zona Sul da cidade, nas ruas David Miguel Couri e Robson da Costa Magalh\u00e3es.<\/p>\n<p><strong>Confira a lista de bairros atendidos na quinta-feira, 23:<\/strong><\/p>\n<p>Aeroporto<\/p>\n<p>Bairro industrial<\/p>\n<p>Bairu<\/p>\n<p>Bandeirantes<\/p>\n<p>Bela Aurora<\/p>\n<p>Bom Pastor<\/p>\n<p>Bonsucesso<\/p>\n<p>Democrata<\/p>\n<p>Dom Bosco<\/p>\n<p>Francisco Bernardino<\/p>\n<p>Grama<\/p>\n<p>Graminha<\/p>\n<p>Granbery<\/p>\n<p>Humait\u00e1<\/p>\n<p>JK<\/p>\n<p>Linhares<\/p>\n<p>Manoel Hon\u00f3rio<\/p>\n<p>Milho Branco<\/p>\n<p>Nossa Senhora Aparecida<\/p>\n<p>Nova Era<\/p>\n<p>S\u00e3o Dimas<\/p>\n<p>S\u00e3o Pedro<\/p>\n<p>Vila Alpina<\/p>\n<p>Vila Ideal<\/p>\n<p>As a\u00e7\u00f5es seguem em andamento na cidade, e a programa\u00e7\u00e3o di\u00e1ria completa pode ser conferida na p\u00e1gina do Gabinete de A\u00e7\u00e3o e Di\u00e1logo Comunit\u00e1rio atrav\u00e9s do<a href=\"https:\/\/www.pjf.mg.gov.br\/gabinetecomunitario\/#onde\">\u00a0link<\/a>. Para solicitar servi\u00e7os de zeladoria em vias p\u00fablicas, como tapa-buracos, poda e corte de \u00e1rvores, limpeza de pra\u00e7as e outros, entre em contato com o Gabinete de A\u00e7\u00e3o e Di\u00e1logo Comunit\u00e1rio atrav\u00e9s do telefone (32) 3690-7241 (liga\u00e7\u00e3o ou WhatsApp).<\/p>\n","protected":false},"excerpt":{"rendered":"<p>Segundo informa\u00e7\u00f5es do site da Prefeitura de Juiz de Fora (PJF), a PJF, atrav\u00e9s das equipes da Empresa Municipal de Pavimenta\u00e7\u00e3o e Urbanidades (Empav), intensificou os trabalhos da opera\u00e7\u00e3o tapa-buracos em diversos pontos da cidade nesta quinta-feira, 23. Ao todo, foram 40 vias atendidas em 24 bairros diferentes. Dentre os locais atendidos, destaque para a [&hellip;]<\/p>\n","protected":false},"author":246,"featured_media":211815,"comment_status":"closed","ping_status":"closed","sticky":false,"template":"","format":"standard","meta":{"footnotes":""},"categories":[253,436,439],"tags":[],"class_list":["post-211814","post","type-post","status-publish","format-standard","has-post-thumbnail","hentry","category-cidade","category-destaque-da-semana","category-ultima-hora"],"_links":{"self":[{"href":"https:\/\/diarioregionaldigital.com.br\/index.php?rest_route=\/wp\/v2\/posts\/211814","targetHints":{"allow":["GET"]}}],"collection":[{"href":"https:\/\/diarioregionaldigital.com.br\/index.php?rest_route=\/wp\/v2\/posts"}],"about":[{"href":"https:\/\/diarioregionaldigital.com.br\/index.php?rest_route=\/wp\/v2\/types\/post"}],"author":[{"embeddable":true,"href":"https:\/\/diarioregionaldigital.com.br\/index.php?rest_route=\/wp\/v2\/users\/246"}],"replies":[{"embeddable":true,"href":"https:\/\/diarioregionaldigital.com.br\/index.php?rest_route=%2Fwp%2Fv2%2Fcomments&post=211814"}],"version-history":[{"count":1,"href":"https:\/\/diarioregionaldigital.com.br\/index.php?rest_route=\/wp\/v2\/posts\/211814\/revisions"}],"predecessor-version":[{"id":211816,"href":"https:\/\/diarioregionaldigital.com.br\/index.php?rest_route=\/wp\/v2\/posts\/211814\/revisions\/211816"}],"wp:featuredmedia":[{"embeddable":true,"href":"https:\/\/diarioregionaldigital.com.br\/index.php?rest_route=\/wp\/v2\/media\/211815"}],"wp:attachment":[{"href":"https:\/\/diarioregionaldigital.com.br\/index.php?rest_route=%2Fwp%2Fv2%2Fmedia&parent=211814"}],"wp:term":[{"taxonomy":"category","embeddable":true,"href":"https:\/\/diarioregionaldigital.com.br\/index.php?rest_route=%2Fwp%2Fv2%2Fcategories&post=211814"},{"taxonomy":"post_tag","embeddable":true,"href":"https:\/\/diarioregionaldigital.com.br\/index.php?rest_route=%2Fwp%2Fv2%2Ftags&post=211814"}],"curies":[{"name":"wp","href":"https:\/\/api.w.org\/{rel}","templated":true}]}}