{"id":211811,"date":"2023-03-24T00:34:42","date_gmt":"2023-03-24T03:34:42","guid":{"rendered":"https:\/\/diarioregionaldigital.com.br\/?p=211811"},"modified":"2023-03-24T00:34:42","modified_gmt":"2023-03-24T03:34:42","slug":"pjf-inaugura-nucleo-de-basquete-na-escola-estadual-maria-ilydia-resende-de-andrade","status":"publish","type":"post","link":"https:\/\/diarioregionaldigital.com.br\/?p=211811","title":{"rendered":"PJF inaugura n\u00facleo de basquete na Escola Estadual Maria Ilydia Resende de Andrade"},"content":{"rendered":"<p>Segundo informa\u00e7\u00f5es do site da Prefeitura de Juiz de Fora (PJF), dentro do Projeto JF Esporte Cidadania, mais um n\u00facleo de basquete da Secretaria de Esporte e Lazer (SEL), da Prefeitura de Juiz de Fora (PJF), foi inaugurado na cidade. Dessa vez, foi na Escola Estadual Maria Ilydia Resende de Andrade, no bairro Furtado de Menezes. Esse n\u00facleo \u00e9 realizado de segunda a sexta-feira, de 11h30 \u00e0s 13h, e de segunda a quinta, das 17h \u00e0s 19h. Qualquer pessoa entre 10 e 18 anos pode se inscrever com a professora Ana Elisa Santos Ben\u00edcio, nos hor\u00e1rios das aulas. Menores de idade precisam da autoriza\u00e7\u00e3o dos pais. Aproximadamente 50 alunos j\u00e1 fazem parte do n\u00facleo. Esse n\u00facleo de basquete atende tamb\u00e9m na Pra\u00e7a S\u00e3o Mateus, no bairro de mesmo nome, e na Escola Estadual Ant\u00f4nio Carlos, no bairro Mariano Proc\u00f3pio.<\/p>\n<p>De acordo com a supervisora da SEL, M\u00e1rlen Paradela, \u201cesse n\u00facleo \u00e9 uma novidade no Projeto JF Esporte Cidadania em 2023, al\u00e9m de atender a uma demanda trazida pelo grupo de trabalho do \u2018Todos em Rede\u2019. Por isso, encaminhamos a professora Ana Elisa, que \u00e9 ex-aluna da Escola Estadual Maria Ilydia Resende de Andrade e ex-atleta de basquete da escola. Esse projeto visa a inicia\u00e7\u00e3o esportiva no basquete, com todos seus aspectos inerentes \u00e0 pr\u00e1tica esportiva, mas, tamb\u00e9m, a constru\u00e7\u00e3o de valores positivos, h\u00e1bitos saud\u00e1veis e o exerc\u00edcio da cidadania\u201d, destaca M\u00e1rlen.<\/p>\n<p><strong>Projeto JF Esporte Cidadania<\/strong><\/p>\n<p>Atualmente, a Secretaria de Esporte e Lazer possui 78 n\u00facleos que atendem a 61 bairros da cidade, com diversas modalidades, como caminhada orientada, gin\u00e1stica, pilates, nata\u00e7\u00e3o, hidrogin\u00e1stica, dan\u00e7a mix, v\u00f4lei, basquete, handebol e futsal. Ao todo, s\u00e3o aproximadamente 3.530 alunos.<\/p>\n","protected":false},"excerpt":{"rendered":"<p>Segundo informa\u00e7\u00f5es do site da Prefeitura de Juiz de Fora (PJF), dentro do Projeto JF Esporte Cidadania, mais um n\u00facleo de basquete da Secretaria de Esporte e Lazer (SEL), da Prefeitura de Juiz de Fora (PJF), foi inaugurado na cidade. Dessa vez, foi na Escola Estadual Maria Ilydia Resende de Andrade, no bairro Furtado de [&hellip;]<\/p>\n","protected":false},"author":246,"featured_media":211812,"comment_status":"closed","ping_status":"closed","sticky":false,"template":"","format":"standard","meta":{"footnotes":""},"categories":[253,436,439],"tags":[],"class_list":["post-211811","post","type-post","status-publish","format-standard","has-post-thumbnail","hentry","category-cidade","category-destaque-da-semana","category-ultima-hora"],"_links":{"self":[{"href":"https:\/\/diarioregionaldigital.com.br\/index.php?rest_route=\/wp\/v2\/posts\/211811","targetHints":{"allow":["GET"]}}],"collection":[{"href":"https:\/\/diarioregionaldigital.com.br\/index.php?rest_route=\/wp\/v2\/posts"}],"about":[{"href":"https:\/\/diarioregionaldigital.com.br\/index.php?rest_route=\/wp\/v2\/types\/post"}],"author":[{"embeddable":true,"href":"https:\/\/diarioregionaldigital.com.br\/index.php?rest_route=\/wp\/v2\/users\/246"}],"replies":[{"embeddable":true,"href":"https:\/\/diarioregionaldigital.com.br\/index.php?rest_route=%2Fwp%2Fv2%2Fcomments&post=211811"}],"version-history":[{"count":1,"href":"https:\/\/diarioregionaldigital.com.br\/index.php?rest_route=\/wp\/v2\/posts\/211811\/revisions"}],"predecessor-version":[{"id":211813,"href":"https:\/\/diarioregionaldigital.com.br\/index.php?rest_route=\/wp\/v2\/posts\/211811\/revisions\/211813"}],"wp:featuredmedia":[{"embeddable":true,"href":"https:\/\/diarioregionaldigital.com.br\/index.php?rest_route=\/wp\/v2\/media\/211812"}],"wp:attachment":[{"href":"https:\/\/diarioregionaldigital.com.br\/index.php?rest_route=%2Fwp%2Fv2%2Fmedia&parent=211811"}],"wp:term":[{"taxonomy":"category","embeddable":true,"href":"https:\/\/diarioregionaldigital.com.br\/index.php?rest_route=%2Fwp%2Fv2%2Fcategories&post=211811"},{"taxonomy":"post_tag","embeddable":true,"href":"https:\/\/diarioregionaldigital.com.br\/index.php?rest_route=%2Fwp%2Fv2%2Ftags&post=211811"}],"curies":[{"name":"wp","href":"https:\/\/api.w.org\/{rel}","templated":true}]}}