{"id":211800,"date":"2023-03-24T00:23:49","date_gmt":"2023-03-24T03:23:49","guid":{"rendered":"https:\/\/diarioregionaldigital.com.br\/?p=211800"},"modified":"2023-03-24T00:23:49","modified_gmt":"2023-03-24T03:23:49","slug":"fifa-inicia-processo-de-candidatura-para-sediar-copa-feminina-de-2027","status":"publish","type":"post","link":"https:\/\/diarioregionaldigital.com.br\/?p=211800","title":{"rendered":"Fifa inicia processo de candidatura para sediar Copa feminina de 2027"},"content":{"rendered":"<p>A Fifa anunciou nesta quinta-feira (23) o in\u00edcio do processo de candidatura para definir o pa\u00eds-sede da Copa do Mundo de futebol feminino de 2027.\u00a0<a href=\"https:\/\/agenciabrasil.ebc.com.br\/esportes\/noticia\/2023-03\/brasil-quer-ser-sede-da-copa-do-mundo-de-futebol-feminino-de-2027\" target=\"_blank\" rel=\"noopener\">Em entrevista concedida ao programa\u00a0<em>Sem Censura<\/em>, da\u00a0<strong>TV Brasil<\/strong>, no in\u00edcio do m\u00eas, a ministra do Esporte, Ana Moser, afirmou que o Brasil participar\u00e1 da disputa<\/a>.<img decoding=\"async\" src=\"https:\/\/agenciabrasil.ebc.com.br\/ebc.png?id=1518399&amp;o=node\" \/><img decoding=\"async\" src=\"https:\/\/agenciabrasil.ebc.com.br\/ebc.gif?id=1518399&amp;o=node\" \/><\/p>\n<p><a href=\"http:\/\/www.fifa.com\/about-fifa\/organisation\/media-releases\/fifa-starts-bidding-process-for-fifa-womens-world-cup-2027-tm\" target=\"_blank\" rel=\"noopener\">Em nota enviada \u00e0 imprensa<\/a>, a entidade m\u00e1xima do futebol mundial informou que \u201cas associa\u00e7\u00f5es-membro ter\u00e3o at\u00e9 o dia 21 de abril de 2023 para enviarem suas manifesta\u00e7\u00f5es de interesse em sediar a Copa do Mundo Feminina da Fifa 2027\u201d.<\/p>\n<p>O processo contar\u00e1 com v\u00e1rias etapas, como a realiza\u00e7\u00e3o de visitas de inspe\u00e7\u00e3o aos pa\u00edses candidatos. A decis\u00e3o final sobre o pa\u00eds-sede da Copa de 2027 ser\u00e1 tomada em 17 de maio de 2024, quando ser\u00e1 realizada uma vota\u00e7\u00e3o aberta durante o Congresso da Fifa.<\/p>\n<p>\u201cA Copa do Mundo Feminina da Fifa 2027 se basear\u00e1 no legado da edi\u00e7\u00e3o recorde que a Austr\u00e1lia e a Nova Zel\u00e2ndia organizar\u00e3o em alguns meses. Em linha com o compromisso da Fifa com o futebol feminino, este processo de licita\u00e7\u00e3o estabelece novos padr\u00f5es e nos coloca no caminho para sediar um evento excepcional em 2027 dentro e fora do campo\u201d, declarou a secret\u00e1ria-geral da Fifa, Fatma Samoura.<\/p>\n<h2>Candidatura do Brasil<\/h2>\n<p>Em entrevista concedida ao\u00a0<em>Sem Censura<\/em>, a ministra do Esporte afirmou que o Brasil est\u00e1 construindo sua proposta para sediar a competi\u00e7\u00e3o, processo que envolve o Governo e organiza\u00e7\u00f5es do esporte como a Confedera\u00e7\u00e3o Brasileira de Futebol (CBF).<\/p>\n<p>\u201cEstamos conversando com os parceiros, com a CBF e desenhando uma possibilidade de o Brasil pleitear a sede da Copa do Mundo de Futebol Feminino de 2027\u201d, disse Ana Moser. \u201cVamos fazer esse movimento para tentar trazer a Copa do Mundo para o Brasil em 2027\u201d, acrescentou.<\/p>\n<p>Na entrevista ao programa da\u00a0<strong>TV Brasil<\/strong>, a ministra destacou que a proposta de sediar a Copa do Mundo Feminina faz parte de estrat\u00e9gia para estruturar o futebol feminino no pa\u00eds. Entre as iniciativas est\u00e3o ampliar o n\u00famero de campeonatos, promover a inclus\u00e3o de meninas no esporte, criar locais de treinamento e medidas de prote\u00e7\u00e3o para as atletas durante a gesta\u00e7\u00e3o.<\/p>\n<h2>Mundial de 2023<\/h2>\n<p>A pr\u00f3xima edi\u00e7\u00e3o da Copa do Mundo de futebol feminino ser\u00e1 disputada entre 20 de julho e 20 agosto de 2023 na Austr\u00e1lia e na Nova Zel\u00e2ndia. A competi\u00e7\u00e3o contar\u00e1 com 32 participantes, entre eles o Brasil, que buscar\u00e1 um t\u00edtulo in\u00e9dito. A equipe comandada pela t\u00e9cnica sueca Pia Sundhage est\u00e1 no Grupo F, ao lado de Fran\u00e7a, Jamaica e Panam\u00e1, equipe diante da qual a sele\u00e7\u00e3o canarinho estreia no torneio, no dia 24 de julho em Adelaide (Austr\u00e1lia).<\/p>\n<p><span style=\"font-weight: 400;\">Fonte: Ag\u00eancia Brasil <\/span><\/p>\n","protected":false},"excerpt":{"rendered":"<p>A Fifa anunciou nesta quinta-feira (23) o in\u00edcio do processo de candidatura para definir o pa\u00eds-sede da Copa do Mundo de futebol feminino de 2027.\u00a0Em entrevista concedida ao programa\u00a0Sem Censura, da\u00a0TV Brasil, no in\u00edcio do m\u00eas, a ministra do Esporte, Ana Moser, afirmou que o Brasil participar\u00e1 da disputa. Em nota enviada \u00e0 imprensa, a [&hellip;]<\/p>\n","protected":false},"author":246,"featured_media":211801,"comment_status":"closed","ping_status":"closed","sticky":false,"template":"","format":"standard","meta":{"footnotes":""},"categories":[436,257,439],"tags":[],"class_list":["post-211800","post","type-post","status-publish","format-standard","has-post-thumbnail","hentry","category-destaque-da-semana","category-esporte","category-ultima-hora"],"_links":{"self":[{"href":"https:\/\/diarioregionaldigital.com.br\/index.php?rest_route=\/wp\/v2\/posts\/211800","targetHints":{"allow":["GET"]}}],"collection":[{"href":"https:\/\/diarioregionaldigital.com.br\/index.php?rest_route=\/wp\/v2\/posts"}],"about":[{"href":"https:\/\/diarioregionaldigital.com.br\/index.php?rest_route=\/wp\/v2\/types\/post"}],"author":[{"embeddable":true,"href":"https:\/\/diarioregionaldigital.com.br\/index.php?rest_route=\/wp\/v2\/users\/246"}],"replies":[{"embeddable":true,"href":"https:\/\/diarioregionaldigital.com.br\/index.php?rest_route=%2Fwp%2Fv2%2Fcomments&post=211800"}],"version-history":[{"count":1,"href":"https:\/\/diarioregionaldigital.com.br\/index.php?rest_route=\/wp\/v2\/posts\/211800\/revisions"}],"predecessor-version":[{"id":211802,"href":"https:\/\/diarioregionaldigital.com.br\/index.php?rest_route=\/wp\/v2\/posts\/211800\/revisions\/211802"}],"wp:featuredmedia":[{"embeddable":true,"href":"https:\/\/diarioregionaldigital.com.br\/index.php?rest_route=\/wp\/v2\/media\/211801"}],"wp:attachment":[{"href":"https:\/\/diarioregionaldigital.com.br\/index.php?rest_route=%2Fwp%2Fv2%2Fmedia&parent=211800"}],"wp:term":[{"taxonomy":"category","embeddable":true,"href":"https:\/\/diarioregionaldigital.com.br\/index.php?rest_route=%2Fwp%2Fv2%2Fcategories&post=211800"},{"taxonomy":"post_tag","embeddable":true,"href":"https:\/\/diarioregionaldigital.com.br\/index.php?rest_route=%2Fwp%2Fv2%2Ftags&post=211800"}],"curies":[{"name":"wp","href":"https:\/\/api.w.org\/{rel}","templated":true}]}}