{"id":211797,"date":"2023-03-24T00:22:29","date_gmt":"2023-03-24T03:22:29","guid":{"rendered":"https:\/\/diarioregionaldigital.com.br\/?p=211797"},"modified":"2023-03-24T00:22:29","modified_gmt":"2023-03-24T03:22:29","slug":"bia-ferreira-vence-semi-e-vai-disputar-sua-3a-final-mundial-de-boxe","status":"publish","type":"post","link":"https:\/\/diarioregionaldigital.com.br\/?p=211797","title":{"rendered":"Bia Ferreira vence semi e vai disputar sua 3\u00aa final mundial de boxe"},"content":{"rendered":"<p>A baiana Beatriz Ferreira protagonizou mais uma fa\u00e7anha na hist\u00f3ria do boxe brasileiro\u00a0ao se classificar para sua\u00a0terceira final mundial seguida. Nesta quinta-feira (23), a atual n\u00famero 1 do mundo na categoria at\u00e9 60 quilos derrotou a sul-coreana Oh Yeoni, na semifinal do Mundial em Nova Delhi (\u00cdndia). Campe\u00e3 mundial em 2019 e vice no ano passado, a brasileira vai decidir o t\u00edtulo dos 60 kg com a colombiana Angie Valdes, no pr\u00f3ximo domingo\u00a0(26), \u00e0s 10h\u00a0(hor\u00e1rio de Bras\u00edlia). O Mundial tem transmiss\u00e3o ao vivo no site do\u00a0<a href=\"https:\/\/www.canalolimpicodobrasil.com.br\/\">Canal Ol\u00edmpico do Brasil.\u00a0<\/a><img decoding=\"async\" src=\"https:\/\/agenciabrasil.ebc.com.br\/ebc.png?id=1518289&amp;o=node\" \/><img decoding=\"async\" src=\"https:\/\/agenciabrasil.ebc.com.br\/ebc.gif?id=1518289&amp;o=node\" \/><\/p>\n<p>Se vencer a final, Bia se tornar\u00e1 a primeira pugilista do pa\u00eds com mais t\u00edtulos mundiais da hist\u00f3ria. A brasileira teve a chance, no ano passado, de conquistar a segunda medalha de ouro na competi\u00e7\u00e3o, mas perdeu a decis\u00e3o para a norte-americana Rashida Ellis.<\/p>\n<p>Tamb\u00e9m nesta quinta (22), B\u00e1rbara Santos encerrou sua primeira participa\u00e7\u00e3o em Mundiais, com a medalha de bronze nos 70 kg (categoria n\u00e3o-ol\u00edmpica). A brasileira foi superada na semi pela australiana Kaye Frances, em decis\u00e3o dividida dos ju\u00edzes.<\/p>\n<p>O Mundial de Boxe re\u00fane atletas de 23 pa\u00edses, espalhados pelos quatro continentes. Al\u00e9m de Bia Ferreira e B\u00e1rbara Santos, a delega\u00e7\u00e3o brasileira viajou \u00e0 \u00cdndia com ouras cinco atletas: Beatriz Soares (66 kg), Tatiana Chagas (54 kg),\u00a0Caroline \u201cNaka\u201d Almeida (50kg), Jucielen Romeu (57kg) e Viviane Pereira (75kg).<\/p>\n<p><span style=\"font-weight: 400;\"><br \/>\n<\/span><span style=\"font-weight: 400;\">Fonte: Ag\u00eancia Brasil <\/span><\/p>\n","protected":false},"excerpt":{"rendered":"<p>A baiana Beatriz Ferreira protagonizou mais uma fa\u00e7anha na hist\u00f3ria do boxe brasileiro\u00a0ao se classificar para sua\u00a0terceira final mundial seguida. Nesta quinta-feira (23), a atual n\u00famero 1 do mundo na categoria at\u00e9 60 quilos derrotou a sul-coreana Oh Yeoni, na semifinal do Mundial em Nova Delhi (\u00cdndia). Campe\u00e3 mundial em 2019 e vice no ano [&hellip;]<\/p>\n","protected":false},"author":246,"featured_media":211798,"comment_status":"closed","ping_status":"closed","sticky":false,"template":"","format":"standard","meta":{"footnotes":""},"categories":[436,257,439],"tags":[],"class_list":["post-211797","post","type-post","status-publish","format-standard","has-post-thumbnail","hentry","category-destaque-da-semana","category-esporte","category-ultima-hora"],"_links":{"self":[{"href":"https:\/\/diarioregionaldigital.com.br\/index.php?rest_route=\/wp\/v2\/posts\/211797","targetHints":{"allow":["GET"]}}],"collection":[{"href":"https:\/\/diarioregionaldigital.com.br\/index.php?rest_route=\/wp\/v2\/posts"}],"about":[{"href":"https:\/\/diarioregionaldigital.com.br\/index.php?rest_route=\/wp\/v2\/types\/post"}],"author":[{"embeddable":true,"href":"https:\/\/diarioregionaldigital.com.br\/index.php?rest_route=\/wp\/v2\/users\/246"}],"replies":[{"embeddable":true,"href":"https:\/\/diarioregionaldigital.com.br\/index.php?rest_route=%2Fwp%2Fv2%2Fcomments&post=211797"}],"version-history":[{"count":1,"href":"https:\/\/diarioregionaldigital.com.br\/index.php?rest_route=\/wp\/v2\/posts\/211797\/revisions"}],"predecessor-version":[{"id":211799,"href":"https:\/\/diarioregionaldigital.com.br\/index.php?rest_route=\/wp\/v2\/posts\/211797\/revisions\/211799"}],"wp:featuredmedia":[{"embeddable":true,"href":"https:\/\/diarioregionaldigital.com.br\/index.php?rest_route=\/wp\/v2\/media\/211798"}],"wp:attachment":[{"href":"https:\/\/diarioregionaldigital.com.br\/index.php?rest_route=%2Fwp%2Fv2%2Fmedia&parent=211797"}],"wp:term":[{"taxonomy":"category","embeddable":true,"href":"https:\/\/diarioregionaldigital.com.br\/index.php?rest_route=%2Fwp%2Fv2%2Fcategories&post=211797"},{"taxonomy":"post_tag","embeddable":true,"href":"https:\/\/diarioregionaldigital.com.br\/index.php?rest_route=%2Fwp%2Fv2%2Ftags&post=211797"}],"curies":[{"name":"wp","href":"https:\/\/api.w.org\/{rel}","templated":true}]}}